{"id":22343,"date":"2024-01-31T08:46:49","date_gmt":"2024-01-31T11:46:49","guid":{"rendered":"https:\/\/4cantosalagoas.com.br\/portal\/?p=22343"},"modified":"2024-01-31T08:46:49","modified_gmt":"2024-01-31T11:46:49","slug":"adocoes-possiveis-fabiola-9-anos","status":"publish","type":"post","link":"https:\/\/4cantosalagoas.com.br\/portal\/adocoes-possiveis-fabiola-9-anos\/","title":{"rendered":"Ado\u00e7\u00f5es Poss\u00edveis: Fab\u00edola, 9 anos"},"content":{"rendered":"<div>\u201cEu tenho um sonho de ter uma fam\u00edlia que me d\u00ea amor, carinho, que se divirta e brinque comigo\u201d, conta Fab\u00edola Fausto dos Santos, de 9 anos. Ela est\u00e1 acolhida no Abrigo Deus Prover\u00e1, localizado no bairro do Jacintinho, em Macei\u00f3.<\/div>\n<div><\/div>\n<div>Assista ao v\u00eddeo da Fab\u00edola, produzido pela TV Tribunal da Diretoria de Comunica\u00e7\u00e3o do TJAL, e conhe\u00e7a um pouco mais sobre sua hist\u00f3ria.<\/div>\n<div><\/div>\n<div>A diretora do abrigo e assistente social, Cl\u00e9cia Regina, revela que a menina \u00e9 uma crian\u00e7a alegre, carinhosa, inteligente, que gosta de assistir TV e \u00e9 bastante elogiada pela equipe da escola em que estuda.<\/div>\n<div><\/div>\n<div>\u201c\u00c9 uma crian\u00e7a que vem sendo fragilizada durante muitos anos de sua vida e a gente precisa que ela tenha a oportunidade de ter uma fam\u00edlia, um amor, carinho, paz e seguran\u00e7a. A fam\u00edlia que se propor adotar Fab\u00edola vai receber uma crian\u00e7a muito amorosa e carinhosa\u201d, contou.<\/div>\n<div><\/div>\n<div>Ainda segundo a diretora Cl\u00e9cia Regina, a menina foi diagnosticada com TDAH, TOD e defici\u00eancia intelectual moderada.<\/div>\n<div><\/div>\n<div>\u201cEla est\u00e1 h\u00e1 pouco tempo conosco e estamos correndo atr\u00e1s de outras terapias necess\u00e1rias para ela. Eu acredito que, a partir da ado\u00e7\u00e3o, a Fab\u00edola vai melhorar as quest\u00f5es de sa\u00fade, porque a fam\u00edlia vai proporcionar para ela o melhor desenvolvimento\u201d, comentou.<\/div>\n<div><\/div>\n<div>\u00a0Veja v\u00edde da Fab\u00edola : https:\/\/www.youtube.com\/watch?v=WuQkdiCEb0E&amp;t=149s<\/div>\n<div><\/div>\n<div><\/div>\n<div>\n<div><b>Diretoria de Comunica\u00e7\u00e3o \u2013 Dicom TJAL\u00a0<span style=\"color: #ffffff;\">&#8211; RF<\/span><\/b><\/div>\n<p><b><\/b><\/div>\n","protected":false},"excerpt":{"rendered":"<p>\u201cEu tenho um sonho de ter uma fam\u00edlia que me d\u00ea amor, carinho, que se divirta e<\/p>\n","protected":false},"author":1,"featured_media":22344,"comment_status":"closed","ping_status":"open","sticky":false,"template":"","format":"standard","meta":{"footnotes":""},"categories":[60],"tags":[],"class_list":["post-22343","post","type-post","status-publish","format-standard","has-post-thumbnail","hentry","category-capa"],"_links":{"self":[{"href":"https:\/\/4cantosalagoas.com.br\/portal\/wp-json\/wp\/v2\/posts\/22343","targetHints":{"allow":["GET"]}}],"collection":[{"href":"https:\/\/4cantosalagoas.com.br\/portal\/wp-json\/wp\/v2\/posts"}],"about":[{"href":"https:\/\/4cantosalagoas.com.br\/portal\/wp-json\/wp\/v2\/types\/post"}],"author":[{"embeddable":true,"href":"https:\/\/4cantosalagoas.com.br\/portal\/wp-json\/wp\/v2\/users\/1"}],"replies":[{"embeddable":true,"href":"https:\/\/4cantosalagoas.com.br\/portal\/wp-json\/wp\/v2\/comments?post=22343"}],"version-history":[{"count":1,"href":"https:\/\/4cantosalagoas.com.br\/portal\/wp-json\/wp\/v2\/posts\/22343\/revisions"}],"predecessor-version":[{"id":22345,"href":"https:\/\/4cantosalagoas.com.br\/portal\/wp-json\/wp\/v2\/posts\/22343\/revisions\/22345"}],"wp:featuredmedia":[{"embeddable":true,"href":"https:\/\/4cantosalagoas.com.br\/portal\/wp-json\/wp\/v2\/media\/22344"}],"wp:attachment":[{"href":"https:\/\/4cantosalagoas.com.br\/portal\/wp-json\/wp\/v2\/media?parent=22343"}],"wp:term":[{"taxonomy":"category","embeddable":true,"href":"https:\/\/4cantosalagoas.com.br\/portal\/wp-json\/wp\/v2\/categories?post=22343"},{"taxonomy":"post_tag","embeddable":true,"href":"https:\/\/4cantosalagoas.com.br\/portal\/wp-json\/wp\/v2\/tags?post=22343"}],"curies":[{"name":"wp","href":"https:\/\/api.w.org\/{rel}","templated":true}]}}