{"id":22195,"date":"2024-01-02T09:36:29","date_gmt":"2024-01-02T12:36:29","guid":{"rendered":"https:\/\/4cantosalagoas.com.br\/portal\/?p=22195"},"modified":"2024-01-02T09:36:29","modified_gmt":"2024-01-02T12:36:29","slug":"verao-massayo-agita-e-leva-multidao-a-orla-com-show-de-bell-marques-e-desfile-da-beija-flor","status":"publish","type":"post","link":"https:\/\/4cantosalagoas.com.br\/portal\/verao-massayo-agita-e-leva-multidao-a-orla-com-show-de-bell-marques-e-desfile-da-beija-flor\/","title":{"rendered":"Ver\u00e3o Massay\u00f3 agita e leva multid\u00e3o \u00e0 orla com show de Bell Marques e desfile da Beija-Flor"},"content":{"rendered":"<p>Entre os presentes no bloco, a estudante Vit\u00f3ria Silva compartilhou sua empolga\u00e7\u00e3o em iniciar o ano em um ambiente t\u00e3o especial. &#8220;Estar aqui, hoje, no primeiro dia do ano \u00e9 muito importante pra mim. Sentir o calor humano, a energia e a recep\u00e7\u00e3o que s\u00f3 Macei\u00f3 tem, \u00e9 muito bom! Estou ansiosa para aproveitar os pr\u00f3ximos shows de ver\u00e3o e tenho certeza de que 2024 ser\u00e1 incr\u00edvel&#8221;, disse.<\/p>\n<p>Durante o Ver\u00e3o Massay\u00f3, o prefeito JHC, anunciou a programa\u00e7\u00e3o completa, que ser\u00e1 realizada em dois finais de semana, nos dias 12,13 e 14 e 20, 21 e 22 de janeiro, no estacionamento de Jaragu\u00e1. Veja\u00a0<a href=\"https:\/\/maceio.al.gov.br\/noticias\/gp\/prefeito-jhc-anuncia-programacao-do-festival-verao-massayo-2024\">aqui<\/a>.<\/p>\n<p>O evento \u00e9 uma realiza\u00e7\u00e3o da Prefeitura Municipal de Macei\u00f3 em parceria com a Funda\u00e7\u00e3o Municipal de A\u00e7\u00e3o Cultural (FMAC) e a Vaidebet.<\/p>\n","protected":false},"excerpt":{"rendered":"<p>Entre os presentes no bloco, a estudante Vit\u00f3ria Silva compartilhou sua empolga\u00e7\u00e3o em iniciar o ano em<\/p>\n","protected":false},"author":1,"featured_media":22196,"comment_status":"closed","ping_status":"open","sticky":false,"template":"","format":"standard","meta":{"footnotes":""},"categories":[60],"tags":[],"class_list":["post-22195","post","type-post","status-publish","format-standard","has-post-thumbnail","hentry","category-capa"],"_links":{"self":[{"href":"https:\/\/4cantosalagoas.com.br\/portal\/wp-json\/wp\/v2\/posts\/22195","targetHints":{"allow":["GET"]}}],"collection":[{"href":"https:\/\/4cantosalagoas.com.br\/portal\/wp-json\/wp\/v2\/posts"}],"about":[{"href":"https:\/\/4cantosalagoas.com.br\/portal\/wp-json\/wp\/v2\/types\/post"}],"author":[{"embeddable":true,"href":"https:\/\/4cantosalagoas.com.br\/portal\/wp-json\/wp\/v2\/users\/1"}],"replies":[{"embeddable":true,"href":"https:\/\/4cantosalagoas.com.br\/portal\/wp-json\/wp\/v2\/comments?post=22195"}],"version-history":[{"count":1,"href":"https:\/\/4cantosalagoas.com.br\/portal\/wp-json\/wp\/v2\/posts\/22195\/revisions"}],"predecessor-version":[{"id":22197,"href":"https:\/\/4cantosalagoas.com.br\/portal\/wp-json\/wp\/v2\/posts\/22195\/revisions\/22197"}],"wp:featuredmedia":[{"embeddable":true,"href":"https:\/\/4cantosalagoas.com.br\/portal\/wp-json\/wp\/v2\/media\/22196"}],"wp:attachment":[{"href":"https:\/\/4cantosalagoas.com.br\/portal\/wp-json\/wp\/v2\/media?parent=22195"}],"wp:term":[{"taxonomy":"category","embeddable":true,"href":"https:\/\/4cantosalagoas.com.br\/portal\/wp-json\/wp\/v2\/categories?post=22195"},{"taxonomy":"post_tag","embeddable":true,"href":"https:\/\/4cantosalagoas.com.br\/portal\/wp-json\/wp\/v2\/tags?post=22195"}],"curies":[{"name":"wp","href":"https:\/\/api.w.org\/{rel}","templated":true}]}}