{"id":21310,"date":"2023-09-06T06:57:53","date_gmt":"2023-09-06T09:57:53","guid":{"rendered":"http:\/\/4cantosalagoas.com.br\/portal\/?p=21310"},"modified":"2023-09-06T06:57:55","modified_gmt":"2023-09-06T09:57:55","slug":"maceio-registra-quase-80-de-ocupacao-hoteleira-para-o-feriadao","status":"publish","type":"post","link":"https:\/\/4cantosalagoas.com.br\/portal\/maceio-registra-quase-80-de-ocupacao-hoteleira-para-o-feriadao\/","title":{"rendered":"Macei\u00f3 registra quase 80% de ocupa\u00e7\u00e3o hoteleira para o feriad\u00e3o"},"content":{"rendered":"\n<figure class=\"wp-block-image\"><img fetchpriority=\"high\" decoding=\"async\" width=\"850\" height=\"560\" src=\"http:\/\/4cantosalagoas.com.br\/portal\/wp-content\/uploads\/2023\/09\/4.jpeg\" alt=\"\" class=\"wp-image-21311\" srcset=\"https:\/\/4cantosalagoas.com.br\/portal\/wp-content\/uploads\/2023\/09\/4.jpeg 850w, https:\/\/4cantosalagoas.com.br\/portal\/wp-content\/uploads\/2023\/09\/4-300x198.jpeg 300w, https:\/\/4cantosalagoas.com.br\/portal\/wp-content\/uploads\/2023\/09\/4-768x506.jpeg 768w\" sizes=\"(max-width: 850px) 100vw, 850px\" \/><figcaption> <br><em>M\u00e9dia de ocupa\u00e7\u00e3o dos hot\u00e9is da capital alagoana \u00e9 5,51% maior do que a registrada no ano passado. Foto: Jonathan Lins\/Secom Macei\u00f3<\/em> <\/figcaption><\/figure>\n\n\n\n<p>Com a proximidade do feriado da Independ\u00eancia do Brasil, comemorado no dia 7 de setembro, o turismo em Macei\u00f3 est\u00e1 a todo vapor. Segundo a Associa\u00e7\u00e3o Brasileira da Ind\u00fastria de Hot\u00e9is em Alagoas (ABIH-AL), a previs\u00e3o \u00e9 que 77% dos leitos hoteleiros de Macei\u00f3 estejam ocupados durante o feriad\u00e3o.<\/p>\n\n\n\n<p>A m\u00e9dia de ocupa\u00e7\u00e3o \u00e9 5,51%, maior do que a registrada no ano passado. J\u00e1 nos hot\u00e9is cinco estrelas, a ocupa\u00e7\u00e3o chega a 83%, segundo dados da plataforma Omnibees.<\/p>\n\n\n\n<p>De acordo com o titular da Secretaria Municipal de Turismo (Semtur), Eduardo Monteiro, estes dados comprovam&nbsp; o bom desempenho do setor.&nbsp;\u201cSomos o destino mais vendido e procurado do Pa\u00eds. E isso \u00e9 fruto de iniciativas adotadas pelo prefeito JHC para fortalecer o nosso Turismo. O refor\u00e7o significativo na malha a\u00e9rea, com a conquista de mais de 40 voos para a alta temporada, as obras estruturantes em toda a cidade e os investimentos em m\u00eddia elevaram o nome da capital alagoana no turismo nacional. Hoje, a mais vendida e procurada do Brasil. Teremos uma alta temporada hist\u00f3rica e os n\u00fameros s\u00e3o positivos\u201d, destacou.&nbsp;<\/p>\n\n\n\n<p>Macei\u00f3 se destaca n\u00e3o apenas como um dos destinos mais procurados pelos brasileiros, mas tamb\u00e9m como l\u00edder em vendas para importantes ag\u00eancias de viagens.<\/p>\n\n\n\n<p>A capital alagoana \u00e9 o destino mais procurado na CVC, uma das maiores ag\u00eancias de viagens do Pa\u00eds, e o mais vendido da Azul Viagens para o semestre. Al\u00e9m disso, Macei\u00f3 ocupa a primeira posi\u00e7\u00e3o no ranking da Decolar entre os destinos mais procurados do Brasil para compra de pacotes tur\u00edsticos.<\/p>\n\n\n\n<p>No cen\u00e1rio nacional, Macei\u00f3 tamb\u00e9m \u00e9 uma das mais buscadas para a compra de passagens a\u00e9reas e hospedagens.<\/p>\n\n\n\n<p>Assessoria<\/p>\n","protected":false},"excerpt":{"rendered":"<p>Com a proximidade do feriado da Independ\u00eancia do Brasil, comemorado no dia 7 de setembro, o turismo<\/p>\n","protected":false},"author":1,"featured_media":21311,"comment_status":"open","ping_status":"open","sticky":false,"template":"","format":"standard","meta":{"footnotes":""},"categories":[60],"tags":[],"class_list":["post-21310","post","type-post","status-publish","format-standard","has-post-thumbnail","hentry","category-capa"],"_links":{"self":[{"href":"https:\/\/4cantosalagoas.com.br\/portal\/wp-json\/wp\/v2\/posts\/21310","targetHints":{"allow":["GET"]}}],"collection":[{"href":"https:\/\/4cantosalagoas.com.br\/portal\/wp-json\/wp\/v2\/posts"}],"about":[{"href":"https:\/\/4cantosalagoas.com.br\/portal\/wp-json\/wp\/v2\/types\/post"}],"author":[{"embeddable":true,"href":"https:\/\/4cantosalagoas.com.br\/portal\/wp-json\/wp\/v2\/users\/1"}],"replies":[{"embeddable":true,"href":"https:\/\/4cantosalagoas.com.br\/portal\/wp-json\/wp\/v2\/comments?post=21310"}],"version-history":[{"count":1,"href":"https:\/\/4cantosalagoas.com.br\/portal\/wp-json\/wp\/v2\/posts\/21310\/revisions"}],"predecessor-version":[{"id":21312,"href":"https:\/\/4cantosalagoas.com.br\/portal\/wp-json\/wp\/v2\/posts\/21310\/revisions\/21312"}],"wp:featuredmedia":[{"embeddable":true,"href":"https:\/\/4cantosalagoas.com.br\/portal\/wp-json\/wp\/v2\/media\/21311"}],"wp:attachment":[{"href":"https:\/\/4cantosalagoas.com.br\/portal\/wp-json\/wp\/v2\/media?parent=21310"}],"wp:term":[{"taxonomy":"category","embeddable":true,"href":"https:\/\/4cantosalagoas.com.br\/portal\/wp-json\/wp\/v2\/categories?post=21310"},{"taxonomy":"post_tag","embeddable":true,"href":"https:\/\/4cantosalagoas.com.br\/portal\/wp-json\/wp\/v2\/tags?post=21310"}],"curies":[{"name":"wp","href":"https:\/\/api.w.org\/{rel}","templated":true}]}}