{"id":21151,"date":"2023-08-16T11:20:15","date_gmt":"2023-08-16T14:20:15","guid":{"rendered":"http:\/\/4cantosalagoas.com.br\/portal\/?p=21151"},"modified":"2023-08-16T11:20:18","modified_gmt":"2023-08-16T14:20:18","slug":"vigilancia-sanitaria-de-maceio-apreende-80-kg-de-produtos-fora-do-prazo-de-validade-no-jacintinho","status":"publish","type":"post","link":"https:\/\/4cantosalagoas.com.br\/portal\/vigilancia-sanitaria-de-maceio-apreende-80-kg-de-produtos-fora-do-prazo-de-validade-no-jacintinho\/","title":{"rendered":"Vigil\u00e2ncia Sanit\u00e1ria de Macei\u00f3 apreende 80 kg de produtos fora do prazo de validade no Jacintinho"},"content":{"rendered":"\n<figure class=\"wp-block-image\"><img fetchpriority=\"high\" decoding=\"async\" width=\"850\" height=\"560\" src=\"http:\/\/4cantosalagoas.com.br\/portal\/wp-content\/uploads\/2023\/08\/WhatsApp-Image-2023-08-15-at-12.20.03.jpeg\" alt=\"\" class=\"wp-image-21152\" srcset=\"https:\/\/4cantosalagoas.com.br\/portal\/wp-content\/uploads\/2023\/08\/WhatsApp-Image-2023-08-15-at-12.20.03.jpeg 850w, https:\/\/4cantosalagoas.com.br\/portal\/wp-content\/uploads\/2023\/08\/WhatsApp-Image-2023-08-15-at-12.20.03-300x198.jpeg 300w, https:\/\/4cantosalagoas.com.br\/portal\/wp-content\/uploads\/2023\/08\/WhatsApp-Image-2023-08-15-at-12.20.03-768x506.jpeg 768w\" sizes=\"(max-width: 850px) 100vw, 850px\" \/><figcaption> <br><em>Visa Macei\u00f3 previne riscos \u00e0 sa\u00fade da popula\u00e7\u00e3o. Foto: Cortesia<\/em> <\/figcaption><\/figure>\n\n\n\n<p>Com o intuito de eliminar riscos \u00e0 sa\u00fade do consumidor, durante mais uma opera\u00e7\u00e3o de fiscaliza\u00e7\u00e3o, a Vigil\u00e2ncia Sanit\u00e1ria de Macei\u00f3 (Visa) apreendeu, na manh\u00e3 desta ter\u00e7a-feira (15), cerca de 80 kg de alimentos estragados e outros produtos fora do prazo de validade em um estabelecimento no bairro do Jacintinho.<\/p>\n\n\n\n<p>Entre os alimentos impr\u00f3prios para o consumo que foram recolhidos estavam presuntos, queijo, mortadela, lingui\u00e7a, feij\u00e3o, entre outros produtos.<\/p>\n\n\n\n<p>O chefe especial da Visa, Airton Santos, destacou que o objetivo da opera\u00e7\u00e3o foi eliminar danos que poderiam ser causados \u00e0 sa\u00fade da popula\u00e7\u00e3o, devido aos alimentos estragados. Ele ainda refor\u00e7ou que os consumidores devem estar mais atentos aos prazos de validade de produtos comercializados.&nbsp;<\/p>\n\n\n\n<p>\u201cN\u00e3o podemos permitir que alimentos estragados estejam sendo comercializados nos estabelecimentos da capital, pois nosso intuito \u00e9 eliminar e prevenir riscos \u00e0 sa\u00fade dos maceioenses. \u00c9 necess\u00e1rio que todos fiquem atentos quanto aos produtos que s\u00e3o fornecidos e consumidos. Por isso, atuamos junto aos empreendimentos para orient\u00e1-los sobre a import\u00e2ncia de cumprir com as normas sanit\u00e1rias. Da mesma forma, fazemos esse alerta ao consumidor final, para que esteja vigilante quanto aos prazos de validade dos produtos comercializados\u201d, orientou.<\/p>\n\n\n\n<figure class=\"wp-block-image\"><a href=\"https:\/\/maceioalgovbr.dhost.cloud\/uploads\/imagens\/WhatsApp-Image-2023-08-15-at-12.20.04-1.jpeg\"><img decoding=\"async\" src=\"https:\/\/maceioalgovbr.dhost.cloud\/uploads\/imagens\/_206x160_crop_center-center_none\/WhatsApp-Image-2023-08-15-at-12.20.04-1.jpeg\" alt=\"\"\/><\/a><\/figure>\n\n\n\n<figure class=\"wp-block-image\"><a href=\"https:\/\/maceioalgovbr.dhost.cloud\/uploads\/imagens\/WhatsApp-Image-2023-08-15-at-12.20.04.jpeg\"><img decoding=\"async\" src=\"https:\/\/maceioalgovbr.dhost.cloud\/uploads\/imagens\/_206x160_crop_center-center_none\/WhatsApp-Image-2023-08-15-at-12.20.04.jpeg\" alt=\"\"\/><\/a><\/figure>\n\n\n\n<figure class=\"wp-block-image\"><a href=\"https:\/\/maceioalgovbr.dhost.cloud\/uploads\/imagens\/WhatsApp-Image-2023-08-15-at-12.20.05.jpeg\"><img decoding=\"async\" src=\"https:\/\/maceioalgovbr.dhost.cloud\/uploads\/imagens\/_206x160_crop_center-center_none\/WhatsApp-Image-2023-08-15-at-12.20.05.jpeg\" alt=\"\"\/><\/a><\/figure>\n\n\n\n<figure class=\"wp-block-image\"><a href=\"https:\/\/maceioalgovbr.dhost.cloud\/uploads\/imagens\/WhatsApp-Image-2023-08-15-at-12.20.04-2.jpeg\"><img decoding=\"async\" src=\"https:\/\/maceioalgovbr.dhost.cloud\/uploads\/imagens\/_206x160_crop_center-center_none\/WhatsApp-Image-2023-08-15-at-12.20.04-2.jpeg\" alt=\"\"\/><\/a><\/figure>\n\n\n\n<figure class=\"wp-block-image\"><a href=\"https:\/\/maceioalgovbr.dhost.cloud\/uploads\/imagens\/WhatsApp-Image-2023-08-15-at-12.20.03-2.jpeg\"><img decoding=\"async\" src=\"https:\/\/maceioalgovbr.dhost.cloud\/uploads\/imagens\/_206x160_crop_center-center_none\/WhatsApp-Image-2023-08-15-at-12.20.03-2.jpeg\" alt=\"\"\/><\/a><\/figure>\n\n\n\n<p><em>Produtos estavam fora do prazo de validade. Fotos: Cortesia<\/em><\/p>\n\n\n\n<p>O estabelecimento foi autuado e dever\u00e1 responder a processo administrativo, cuja penalidade inclui multa no valor de R$ 180,00 a R$ 19 mil. Os alimentos apreendidos foram encaminhados para o descarte no Aterro Sanit\u00e1rio de Macei\u00f3.<\/p>\n\n\n\n<p><strong>Disque Den\u00fancia<\/strong><\/p>\n\n\n\n<p>Para denunciar irregularidades, observadas em estabelecimentos fora das adequa\u00e7\u00f5es sanit\u00e1rias e que causam riscos \u00e0 sa\u00fade da popula\u00e7\u00e3o, os maceioenses podem entrar em contato no telefone (<strong>82) 3312-5495<\/strong>, de segunda a sexta-feira, das 8h \u00e0s 17h, ou pelo WhatsApp&nbsp;<strong>(82) 98752-2000<\/strong>, que funciona 24h, todos os dias, para o recebimento de mensagem de texto, foto e\/ou v\u00eddeo.<\/p>\n\n\n\n<p>Todas as den\u00fancias s\u00e3o an\u00f4nimas, garantindo o sigilo do denunciante.<\/p>\n\n\n\n<p>Assessoria<\/p>\n","protected":false},"excerpt":{"rendered":"<p>Com o intuito de eliminar riscos \u00e0 sa\u00fade do consumidor, durante mais uma opera\u00e7\u00e3o de fiscaliza\u00e7\u00e3o, a<\/p>\n","protected":false},"author":1,"featured_media":21152,"comment_status":"open","ping_status":"open","sticky":false,"template":"","format":"standard","meta":{"footnotes":""},"categories":[60],"tags":[],"class_list":["post-21151","post","type-post","status-publish","format-standard","has-post-thumbnail","hentry","category-capa"],"_links":{"self":[{"href":"https:\/\/4cantosalagoas.com.br\/portal\/wp-json\/wp\/v2\/posts\/21151","targetHints":{"allow":["GET"]}}],"collection":[{"href":"https:\/\/4cantosalagoas.com.br\/portal\/wp-json\/wp\/v2\/posts"}],"about":[{"href":"https:\/\/4cantosalagoas.com.br\/portal\/wp-json\/wp\/v2\/types\/post"}],"author":[{"embeddable":true,"href":"https:\/\/4cantosalagoas.com.br\/portal\/wp-json\/wp\/v2\/users\/1"}],"replies":[{"embeddable":true,"href":"https:\/\/4cantosalagoas.com.br\/portal\/wp-json\/wp\/v2\/comments?post=21151"}],"version-history":[{"count":1,"href":"https:\/\/4cantosalagoas.com.br\/portal\/wp-json\/wp\/v2\/posts\/21151\/revisions"}],"predecessor-version":[{"id":21153,"href":"https:\/\/4cantosalagoas.com.br\/portal\/wp-json\/wp\/v2\/posts\/21151\/revisions\/21153"}],"wp:featuredmedia":[{"embeddable":true,"href":"https:\/\/4cantosalagoas.com.br\/portal\/wp-json\/wp\/v2\/media\/21152"}],"wp:attachment":[{"href":"https:\/\/4cantosalagoas.com.br\/portal\/wp-json\/wp\/v2\/media?parent=21151"}],"wp:term":[{"taxonomy":"category","embeddable":true,"href":"https:\/\/4cantosalagoas.com.br\/portal\/wp-json\/wp\/v2\/categories?post=21151"},{"taxonomy":"post_tag","embeddable":true,"href":"https:\/\/4cantosalagoas.com.br\/portal\/wp-json\/wp\/v2\/tags?post=21151"}],"curies":[{"name":"wp","href":"https:\/\/api.w.org\/{rel}","templated":true}]}}