{"id":21084,"date":"2023-08-03T10:03:17","date_gmt":"2023-08-03T13:03:17","guid":{"rendered":"http:\/\/4cantosalagoas.com.br\/portal\/?p=21084"},"modified":"2023-08-03T10:03:19","modified_gmt":"2023-08-03T13:03:19","slug":"prefeitura-de-maceio-realiza-primeira-edicao-do-sextou-no-centro-nesta-sexta-4","status":"publish","type":"post","link":"https:\/\/4cantosalagoas.com.br\/portal\/prefeitura-de-maceio-realiza-primeira-edicao-do-sextou-no-centro-nesta-sexta-4\/","title":{"rendered":"Prefeitura de Macei\u00f3 realiza primeira edi\u00e7\u00e3o do Sextou no Centro nesta sexta (4)"},"content":{"rendered":"\n<figure class=\"wp-block-image\"><img fetchpriority=\"high\" decoding=\"async\" width=\"850\" height=\"560\" src=\"http:\/\/4cantosalagoas.com.br\/portal\/wp-content\/uploads\/2023\/08\/12-02-22-Frevo-Correndo-no-Centro-FMAC-Foto-Micael-Oliveira-109_2023-08-02-211438_ummg.jpg\" alt=\"\" class=\"wp-image-21085\" srcset=\"https:\/\/4cantosalagoas.com.br\/portal\/wp-content\/uploads\/2023\/08\/12-02-22-Frevo-Correndo-no-Centro-FMAC-Foto-Micael-Oliveira-109_2023-08-02-211438_ummg.jpg 850w, https:\/\/4cantosalagoas.com.br\/portal\/wp-content\/uploads\/2023\/08\/12-02-22-Frevo-Correndo-no-Centro-FMAC-Foto-Micael-Oliveira-109_2023-08-02-211438_ummg-300x198.jpg 300w, https:\/\/4cantosalagoas.com.br\/portal\/wp-content\/uploads\/2023\/08\/12-02-22-Frevo-Correndo-no-Centro-FMAC-Foto-Micael-Oliveira-109_2023-08-02-211438_ummg-768x506.jpg 768w\" sizes=\"(max-width: 850px) 100vw, 850px\" \/><figcaption> <br><em>Centro \u00e9 um dos pontos que recebe as a\u00e7\u00f5es culturais da Prefeitura. Micael Oliveira\/Ascom Fmac<\/em> <\/figcaption><\/figure>\n\n\n\n<p>Com o intuito de levar entretenimento, cultura e m\u00fasica boa para a popula\u00e7\u00e3o, a Prefeitura de Macei\u00f3 realizar\u00e1 a primeira edi\u00e7\u00e3o do Sextou no Centro, um happy hour para os comerciantes, trabalhadores e consumidores, que acontece nesta sexta-feira (4), das 16h30 \u00e0s 19h30, no Cal\u00e7ad\u00e3o do Com\u00e9rcio, em frente \u00e0s Casas Bahia.<\/p>\n\n\n\n<p>O evento \u00e9 uma iniciativa da Funda\u00e7\u00e3o Municipal de A\u00e7\u00e3o Cultural e da Secretaria Municipal de Turismo (SEMTUR), com apoio da Alian\u00e7a Comercial. O objetivo \u00e9 que toda primeira sexta-feira do m\u00eas, o centro da cidade ganhe atra\u00e7\u00f5es musicais e culturais, divertindo maceioenses e turistas. A primeira edi\u00e7\u00e3o do evento ser\u00e1 marcada com a participa\u00e7\u00e3o do Samba de Periferia.<\/p>\n\n\n\n<p>De acordo com o presidente da FMAC, F\u00e1bio Palmeira, o Sextou no Centro \u00e9 um projeto que visa trazer entretenimento e lazer para os funcion\u00e1rios al\u00e9m de promover a cultura local, o com\u00e9rcio e o conv\u00edvio social na regi\u00e3o.&nbsp;<\/p>\n\n\n\n<p>\u201cEssa \u00e9 uma iniciativa do prefeito JHC, que busca transformar um olhar cultural e tur\u00edstico para o Centro da Cidade. Esse happy hour vai trazer resgate hist\u00f3rico, conte\u00fado, informa\u00e7\u00e3o e acima de tudo divers\u00e3o cultural para os trabalhadores do com\u00e9rcio que est\u00e3o diariamente na labuta, assim como para a popula\u00e7\u00e3o e os turistas que circulam na regi\u00e3o no finalzinho da tarde at\u00e9 o in\u00edcio da noite\u201d, disse F\u00e1bio.&nbsp;<\/p>\n\n\n\n<p>Com estrutura no estilo boteco, o Sextou no Centro promete encerrar o expediente com muita anima\u00e7\u00e3o, ao som de Samba e Pagode de mesa, proporcionando um ambiente descontra\u00eddo e agrad\u00e1vel.\u00a0<\/p>\n\n\n\n<p>Assessoria<\/p>\n","protected":false},"excerpt":{"rendered":"<p>Com o intuito de levar entretenimento, cultura e m\u00fasica boa para a popula\u00e7\u00e3o, a Prefeitura de Macei\u00f3<\/p>\n","protected":false},"author":1,"featured_media":21085,"comment_status":"open","ping_status":"open","sticky":false,"template":"","format":"standard","meta":{"footnotes":""},"categories":[60],"tags":[],"class_list":["post-21084","post","type-post","status-publish","format-standard","has-post-thumbnail","hentry","category-capa"],"_links":{"self":[{"href":"https:\/\/4cantosalagoas.com.br\/portal\/wp-json\/wp\/v2\/posts\/21084","targetHints":{"allow":["GET"]}}],"collection":[{"href":"https:\/\/4cantosalagoas.com.br\/portal\/wp-json\/wp\/v2\/posts"}],"about":[{"href":"https:\/\/4cantosalagoas.com.br\/portal\/wp-json\/wp\/v2\/types\/post"}],"author":[{"embeddable":true,"href":"https:\/\/4cantosalagoas.com.br\/portal\/wp-json\/wp\/v2\/users\/1"}],"replies":[{"embeddable":true,"href":"https:\/\/4cantosalagoas.com.br\/portal\/wp-json\/wp\/v2\/comments?post=21084"}],"version-history":[{"count":1,"href":"https:\/\/4cantosalagoas.com.br\/portal\/wp-json\/wp\/v2\/posts\/21084\/revisions"}],"predecessor-version":[{"id":21086,"href":"https:\/\/4cantosalagoas.com.br\/portal\/wp-json\/wp\/v2\/posts\/21084\/revisions\/21086"}],"wp:featuredmedia":[{"embeddable":true,"href":"https:\/\/4cantosalagoas.com.br\/portal\/wp-json\/wp\/v2\/media\/21085"}],"wp:attachment":[{"href":"https:\/\/4cantosalagoas.com.br\/portal\/wp-json\/wp\/v2\/media?parent=21084"}],"wp:term":[{"taxonomy":"category","embeddable":true,"href":"https:\/\/4cantosalagoas.com.br\/portal\/wp-json\/wp\/v2\/categories?post=21084"},{"taxonomy":"post_tag","embeddable":true,"href":"https:\/\/4cantosalagoas.com.br\/portal\/wp-json\/wp\/v2\/tags?post=21084"}],"curies":[{"name":"wp","href":"https:\/\/api.w.org\/{rel}","templated":true}]}}