{"id":20545,"date":"2023-05-16T19:01:44","date_gmt":"2023-05-16T22:01:44","guid":{"rendered":"http:\/\/4cantosalagoas.com.br\/portal\/?p=20545"},"modified":"2023-05-16T19:01:46","modified_gmt":"2023-05-16T22:01:46","slug":"prefeitura-de-maceio-abre-programacao-do-maio-laranja-nesta-quinta-feira-18","status":"publish","type":"post","link":"https:\/\/4cantosalagoas.com.br\/portal\/prefeitura-de-maceio-abre-programacao-do-maio-laranja-nesta-quinta-feira-18\/","title":{"rendered":"Prefeitura de Macei\u00f3 abre programa\u00e7\u00e3o do Maio Laranja nesta quinta-feira (18)"},"content":{"rendered":"\n<figure class=\"wp-block-image\"><img fetchpriority=\"high\" decoding=\"async\" width=\"850\" height=\"560\" src=\"http:\/\/4cantosalagoas.com.br\/portal\/wp-content\/uploads\/2023\/05\/WhatsApp-Image-2023-05-16-at-10.40.49.jpeg\" alt=\"\" class=\"wp-image-20546\" srcset=\"https:\/\/4cantosalagoas.com.br\/portal\/wp-content\/uploads\/2023\/05\/WhatsApp-Image-2023-05-16-at-10.40.49.jpeg 850w, https:\/\/4cantosalagoas.com.br\/portal\/wp-content\/uploads\/2023\/05\/WhatsApp-Image-2023-05-16-at-10.40.49-300x198.jpeg 300w, https:\/\/4cantosalagoas.com.br\/portal\/wp-content\/uploads\/2023\/05\/WhatsApp-Image-2023-05-16-at-10.40.49-768x506.jpeg 768w\" sizes=\"(max-width: 850px) 100vw, 850px\" \/><figcaption> <br><em>Al\u00e9m das atividades da programa\u00e7\u00e3o, o tema ser\u00e1 abordado nas comunidades de Macei\u00f3<\/em> <\/figcaption><\/figure>\n\n\n\n<p>A Prefeitura de Macei\u00f3 inicia, na pr\u00f3xima quinta-feira (18), a programa\u00e7\u00e3o do Maio Laranja; m\u00eas da Campanha Contra o Abuso e Explora\u00e7\u00e3o Sexual de Crian\u00e7as e Adolescentes. Para conscientizar a popula\u00e7\u00e3o sobre o abuso sexual na inf\u00e2ncia e na adolesc\u00eancia, este ano o tema ser\u00e1 \u201cAconteceu&#8230; e agora?\u201d.<\/p>\n\n\n\n<p>O in\u00edcio da programa\u00e7\u00e3o ser\u00e1 com um caf\u00e9 da manh\u00e3 para crian\u00e7as dos abrigos no Parque Municipal; e segue com atividades para adolescentes at\u00e9 a sexta-feira (19). Al\u00e9m disso, o tema ser\u00e1 abordado nas grotas de Macei\u00f3, dentro das a\u00e7\u00f5es do Sa\u00fade da Gente e Brota na Grota.&nbsp;<\/p>\n\n\n\n<p>Segundo o Secret\u00e1rio Extraordin\u00e1rio de Juventude e Lazer, Caio Bebeto, o tema precisa sair da invisibilidade, n\u00e3o apenas sendo tratado como preven\u00e7\u00e3o, o que tamb\u00e9m \u00e9 importante, mas abordando junto \u00e0 juventude uma tem\u00e1tica que abrange um percentual alarmante, ou seja, o p\u00f3s-trauma. A perspectiva \u00e9 mostrar sa\u00eddas e apoio, dando oportunidade para as v\u00edtimas ressignificarem esse epis\u00f3dio em suas vidas.<\/p>\n\n\n\n<p><strong>Confira a programa\u00e7\u00e3o:&nbsp;<\/strong><\/p>\n\n\n\n<p><strong>Quinta-feira, 18 de maio<\/strong><\/p>\n\n\n\n<p>Caf\u00e9 da manh\u00e3 com as crian\u00e7as dos abrigos municipais<\/p>\n\n\n\n<p>Roda de conversa com psic\u00f3loga sobre como resgatar esperan\u00e7a e sonhos ap\u00f3s um trauma.<\/p>\n\n\n\n<p>Local: Parque Municipal<\/p>\n\n\n\n<p>Hor\u00e1rio: 09h.<\/p>\n\n\n\n<p><strong>Quinta-feira, 18 de maio<\/strong><\/p>\n\n\n\n<p>Posse da Comiss\u00e3o&nbsp;<\/p>\n\n\n\n<p>Posse da Comiss\u00e3o Intersetorial de Enfrentamento \u00e0 Viol\u00eancia Contra Crian\u00e7as e Adolescentes.<\/p>\n\n\n\n<p>Local: Audit\u00f3rio da Prefeitura<\/p>\n\n\n\n<p>Hor\u00e1rio: 17h<\/p>\n\n\n\n<p><strong>Sexta-feira, 19 de maio<\/strong><\/p>\n\n\n\n<p>Palestra com o quadro de estagi\u00e1rios da Prefeitura&nbsp;<\/p>\n\n\n\n<p>Palestra e roda de conversa com o tema: Aconteceu, e agora?&nbsp;<\/p>\n\n\n\n<p>Local: Ritz Lagoa da Anta<\/p>\n\n\n\n<p>Hor\u00e1rio: 09h<\/p>\n\n\n\n<p><strong>Sexta-feira, 19 de maio<\/strong><\/p>\n\n\n\n<p>Panfletagem com volunt\u00e1rios<\/p>\n\n\n\n<p>Local: Sinal da Super Pizza &#8211; Ponta Verde<\/p>\n\n\n\n<p>Hor\u00e1rio: 17h<\/p>\n\n\n\n<p>Assessoria<\/p>\n","protected":false},"excerpt":{"rendered":"<p>A Prefeitura de Macei\u00f3 inicia, na pr\u00f3xima quinta-feira (18), a programa\u00e7\u00e3o do Maio Laranja; m\u00eas da Campanha<\/p>\n","protected":false},"author":1,"featured_media":20546,"comment_status":"open","ping_status":"open","sticky":false,"template":"","format":"standard","meta":{"footnotes":""},"categories":[60],"tags":[],"class_list":["post-20545","post","type-post","status-publish","format-standard","has-post-thumbnail","hentry","category-capa"],"_links":{"self":[{"href":"https:\/\/4cantosalagoas.com.br\/portal\/wp-json\/wp\/v2\/posts\/20545","targetHints":{"allow":["GET"]}}],"collection":[{"href":"https:\/\/4cantosalagoas.com.br\/portal\/wp-json\/wp\/v2\/posts"}],"about":[{"href":"https:\/\/4cantosalagoas.com.br\/portal\/wp-json\/wp\/v2\/types\/post"}],"author":[{"embeddable":true,"href":"https:\/\/4cantosalagoas.com.br\/portal\/wp-json\/wp\/v2\/users\/1"}],"replies":[{"embeddable":true,"href":"https:\/\/4cantosalagoas.com.br\/portal\/wp-json\/wp\/v2\/comments?post=20545"}],"version-history":[{"count":1,"href":"https:\/\/4cantosalagoas.com.br\/portal\/wp-json\/wp\/v2\/posts\/20545\/revisions"}],"predecessor-version":[{"id":20547,"href":"https:\/\/4cantosalagoas.com.br\/portal\/wp-json\/wp\/v2\/posts\/20545\/revisions\/20547"}],"wp:featuredmedia":[{"embeddable":true,"href":"https:\/\/4cantosalagoas.com.br\/portal\/wp-json\/wp\/v2\/media\/20546"}],"wp:attachment":[{"href":"https:\/\/4cantosalagoas.com.br\/portal\/wp-json\/wp\/v2\/media?parent=20545"}],"wp:term":[{"taxonomy":"category","embeddable":true,"href":"https:\/\/4cantosalagoas.com.br\/portal\/wp-json\/wp\/v2\/categories?post=20545"},{"taxonomy":"post_tag","embeddable":true,"href":"https:\/\/4cantosalagoas.com.br\/portal\/wp-json\/wp\/v2\/tags?post=20545"}],"curies":[{"name":"wp","href":"https:\/\/api.w.org\/{rel}","templated":true}]}}