{"id":20446,"date":"2023-05-03T08:49:37","date_gmt":"2023-05-03T11:49:37","guid":{"rendered":"http:\/\/4cantosalagoas.com.br\/portal\/?p=20446"},"modified":"2023-05-03T08:49:39","modified_gmt":"2023-05-03T11:49:39","slug":"prefeitura-anuncia-programacao-do-sao-joao-massayo-com-um-mes-inteiro-de-festa","status":"publish","type":"post","link":"https:\/\/4cantosalagoas.com.br\/portal\/prefeitura-anuncia-programacao-do-sao-joao-massayo-com-um-mes-inteiro-de-festa\/","title":{"rendered":"Prefeitura anuncia programa\u00e7\u00e3o do S\u00e3o Jo\u00e3o Massay\u00f3 com um m\u00eas inteiro de festa"},"content":{"rendered":"\n<figure class=\"wp-block-image\"><img fetchpriority=\"high\" decoding=\"async\" width=\"850\" height=\"560\" src=\"http:\/\/4cantosalagoas.com.br\/portal\/wp-content\/uploads\/2023\/05\/WhatsApp-Image-2023-05-02-at-22.31.08.jpeg\" alt=\"\" class=\"wp-image-20447\" srcset=\"https:\/\/4cantosalagoas.com.br\/portal\/wp-content\/uploads\/2023\/05\/WhatsApp-Image-2023-05-02-at-22.31.08.jpeg 850w, https:\/\/4cantosalagoas.com.br\/portal\/wp-content\/uploads\/2023\/05\/WhatsApp-Image-2023-05-02-at-22.31.08-300x198.jpeg 300w, https:\/\/4cantosalagoas.com.br\/portal\/wp-content\/uploads\/2023\/05\/WhatsApp-Image-2023-05-02-at-22.31.08-768x506.jpeg 768w\" sizes=\"(max-width: 850px) 100vw, 850px\" \/><figcaption> <br><em>Prefeito JHC ao lado do embaixador do S\u00e3o Jo\u00e3o de Macei\u00f3, Mano Walter, lan\u00e7aram a programa\u00e7\u00e3o oficial do \u2018Massay\u00f3\u2026 Sal, Mar, Forr\u00f3 2023. Foto: Itawi Albuquerque \/ Secom Macei\u00f3<\/em> <\/figcaption><\/figure>\n\n\n\n<p>O maior S\u00e3o Jo\u00e3o do Litoral do Brasil, o \u201cMassay\u00f3\u2026 Sal, Mar, Forr\u00f3 2023\u201d, foi lan\u00e7ado na noite desta ter\u00e7a-feira (2), pelo prefeito de Macei\u00f3, JHC, no Estacionamento de Jaragu\u00e1. O evento este ano ficou ainda maior, com dura\u00e7\u00e3o de 30 dias e programa\u00e7\u00e3o em sete polos diferentes: Jacarecica, Graciliano Ramos, Jacintinho, Fern\u00e3o Velho, Clima Bom, Benedito Bentes e em Jaragu\u00e1. Na edi\u00e7\u00e3o anterior, que teve 15 dias de dura\u00e7\u00e3o, foram injetados mais de R$ 100 milh\u00f5es na economia local. A expectativa para este ano \u00e9 superar a marca, gerando renda e postos de trabalho para toda a cadeia produtiva do turismo.<\/p>\n\n\n\n<p>\u201cEssa \u00e9 uma festa que resgata a nossa hist\u00f3ria, nossa cultura, e hoje \u00e9 reconhecida nacionalmente como o melhor S\u00e3o Jo\u00e3o do litoral do pa\u00eds. Macei\u00f3 \u00e9 uma cidade tur\u00edstica e esse evento gera milhares de empregos e renda para a cidade. \u00c9 um investimento importante para aquecer o setor num per\u00edodo que antigamente era conhecido como baixa esta\u00e7\u00e3o. Uma realidade que com muito trabalho e criatividade conseguimos mudar\u201d, afirmou o prefeito. Ele destacou que em 2023 mais de 1500 artistas, entre nomes nacionais e locais, v\u00e3o passar pelos palcos maceioenses. \u201cVamos ter festas para todos os gostos, atraindo os mais variados p\u00fablicos. A cada ano \u00e9 um evento que cresce mais\u201d, disse JHC.<\/p>\n\n\n\n<p>Na vers\u00e3o 2022, um estudo da Fecom\u00e9rcio\/AL identificou que mais de 9,4 mil empresas, estabelecidas em 32 setores diferentes, foram beneficiadas com novas oportunidades de neg\u00f3cios. A ocupa\u00e7\u00e3o hoteleira ficou na casa dos 80%, enquanto o setor de bares e restaurantes p\u00f4de acelerar a recupera\u00e7\u00e3o econ\u00f4mica ap\u00f3s dois anos de perdas com a pandemia.<\/p>\n\n\n\n<p><strong>Embaixador<\/strong>&nbsp;&#8211; No lan\u00e7amento do \u2018Massay\u00f3\u2026 Sal, Mar, Forr\u00f3 2023\u2019, o prefeito entregou ao cantor e compositor Mano Walter o t\u00edtulo de Embaixador do S\u00e3o Jo\u00e3o de Macei\u00f3, por entender que ele \u00e9 um dos respons\u00e1veis em divulgar em todo o Brasil os potenciais que valorizam a cultura e arte da cidade.<\/p>\n\n\n\n<p>\u201cEstou muito feliz em ser o embaixador do maior S\u00e3o Jo\u00e3o do Litoral do Brasil, e tenho orgulho em representar essa terra. Vai ser sucesso, vai ser bem melhor que o ano passado. Parabenizo ao prefeito JHC pelo apoio \u00e0 nossa cultura e valoriza\u00e7\u00e3o dos nossos artistas\u201d, agradeceu Mano Walter, que esteve no palco junto ao prefeito JHC.<\/p>\n\n\n\n<p>Ainda no palco em Jaragu\u00e1, JHC animou ainda mais o p\u00fablico ao divulgar, de forma oficial, a programa\u00e7\u00e3o junina nos bairros. Clique<strong>&nbsp;<a href=\"https:\/\/www.instagram.com\/reel\/Crwu5HBAnh3\/?igshid=YmMyMTA2M2Y=\">aqui<\/a><\/strong>&nbsp;e confira o v\u00eddeo oficial do S\u00e3o Jo\u00e3o publicado pelo prefeito de Macei\u00f3 em sua rede social<strong>.<\/strong><\/p>\n\n\n\n<p><strong>Atra\u00e7\u00f5es<\/strong><\/p>\n\n\n\n<p><strong>Polo Jacarecica,&nbsp;<\/strong>de8 a 10 de junho: Beto Marcolino; Ti\u00e3o Marcolino; Maria Clara; Brunin; Paulinho Balbino; DJ Alexx Henrique nos intervalos; Almir Taylor; Leyla Oliver; Fidelis; Thiago V\u00e1s; Sandy e Markelyne; Dj Nando Rocha; Monique Siqueira; Fabih Mariah; Nathalia Martins; Thuca Martins e DJ Pedro Almeida.&nbsp;<\/p>\n\n\n\n<p><strong>Polo Graciliano<\/strong>, de 16 a 18 de junho: Celsinho; Katia Cilene; Raquel dos Teclados; Peruano; Chambinho; DJ Pedrdo Almeida; Jaques Setton; Adu\u00edlio Mendes; Luan Estilizado, Noda de Caju; Kart Love; Dj Woltex; Pin\u00f3quio do Acordeon; Solange Almeida; Jorge de Altinho; Deivinho Novaes; Hugo Tavares; e DJ Knashi.&nbsp;<\/p>\n\n\n\n<p><strong>Polo Fern\u00e3o Velho<\/strong>, de 23 a 29 de junho: Wilma Ara\u00fajo; Forroz\u00e3o da Katy; Milane Hora; Pedrinho Pega\u00e7\u00e3o; Magn\u00edficos; Marlus Viana; Samyra Show; Rafinha Big Love; Cavaleiros do Forr\u00f3; Banda M\u00f4fio; Garota Sertaneja; Joelma; entre outras atra\u00e7\u00f5es;&nbsp;<\/p>\n\n\n\n<p><strong>Polo Benedito Bentes<\/strong>, de 30 de junho a 2 de julho: Alisson Cunha; Caviar com Rapadura; Lipe Lucena; Marcinho Sensa\u00e7\u00e3o; Japinha Conde; Taty Vaqueira; Tierry; Zezo, Ra\u00ed Saia Rodada e Luan Estilizado; entre outras atra\u00e7\u00f5es;&nbsp;<\/p>\n\n\n\n<p><strong>Polo Jacintinho<\/strong>, de 16 a 18 de junho: Forroz\u00e3o das Antigas; Forr\u00f3 Maior; Forr\u00f3 do Mu\u00eddo; Geraldo Cardoso; Luan Estilizado; Baby Som; Karisma; Forr\u00f3 dos Plays; entre outras atra\u00e7\u00f5es;&nbsp;<\/p>\n","protected":false},"excerpt":{"rendered":"<p>O maior S\u00e3o Jo\u00e3o do Litoral do Brasil, o \u201cMassay\u00f3\u2026 Sal, Mar, Forr\u00f3 2023\u201d, foi lan\u00e7ado na<\/p>\n","protected":false},"author":1,"featured_media":20447,"comment_status":"open","ping_status":"open","sticky":false,"template":"","format":"standard","meta":{"footnotes":""},"categories":[60],"tags":[],"class_list":["post-20446","post","type-post","status-publish","format-standard","has-post-thumbnail","hentry","category-capa"],"_links":{"self":[{"href":"https:\/\/4cantosalagoas.com.br\/portal\/wp-json\/wp\/v2\/posts\/20446","targetHints":{"allow":["GET"]}}],"collection":[{"href":"https:\/\/4cantosalagoas.com.br\/portal\/wp-json\/wp\/v2\/posts"}],"about":[{"href":"https:\/\/4cantosalagoas.com.br\/portal\/wp-json\/wp\/v2\/types\/post"}],"author":[{"embeddable":true,"href":"https:\/\/4cantosalagoas.com.br\/portal\/wp-json\/wp\/v2\/users\/1"}],"replies":[{"embeddable":true,"href":"https:\/\/4cantosalagoas.com.br\/portal\/wp-json\/wp\/v2\/comments?post=20446"}],"version-history":[{"count":1,"href":"https:\/\/4cantosalagoas.com.br\/portal\/wp-json\/wp\/v2\/posts\/20446\/revisions"}],"predecessor-version":[{"id":20448,"href":"https:\/\/4cantosalagoas.com.br\/portal\/wp-json\/wp\/v2\/posts\/20446\/revisions\/20448"}],"wp:featuredmedia":[{"embeddable":true,"href":"https:\/\/4cantosalagoas.com.br\/portal\/wp-json\/wp\/v2\/media\/20447"}],"wp:attachment":[{"href":"https:\/\/4cantosalagoas.com.br\/portal\/wp-json\/wp\/v2\/media?parent=20446"}],"wp:term":[{"taxonomy":"category","embeddable":true,"href":"https:\/\/4cantosalagoas.com.br\/portal\/wp-json\/wp\/v2\/categories?post=20446"},{"taxonomy":"post_tag","embeddable":true,"href":"https:\/\/4cantosalagoas.com.br\/portal\/wp-json\/wp\/v2\/tags?post=20446"}],"curies":[{"name":"wp","href":"https:\/\/api.w.org\/{rel}","templated":true}]}}