{"id":20182,"date":"2023-03-09T09:20:54","date_gmt":"2023-03-09T12:20:54","guid":{"rendered":"http:\/\/4cantosalagoas.com.br\/portal\/?p=20182"},"modified":"2023-03-09T09:20:56","modified_gmt":"2023-03-09T12:20:56","slug":"pc-prende-acusado-de-roubo-e-recupera-motocicleta-furtada","status":"publish","type":"post","link":"https:\/\/4cantosalagoas.com.br\/portal\/pc-prende-acusado-de-roubo-e-recupera-motocicleta-furtada\/","title":{"rendered":"PC prende acusado de roubo e recupera motocicleta furtada"},"content":{"rendered":"\n<figure class=\"wp-block-image\"><img fetchpriority=\"high\" decoding=\"async\" width=\"1280\" height=\"958\" src=\"https:\/\/i1.wp.com\/4cantosalagoas.com.br\/portal\/wp-content\/uploads\/2023\/03\/moto_recuperaa.jpg?fit=1024%2C766\" alt=\"\" class=\"wp-image-20183\" srcset=\"https:\/\/4cantosalagoas.com.br\/portal\/wp-content\/uploads\/2023\/03\/moto_recuperaa.jpg 1280w, https:\/\/4cantosalagoas.com.br\/portal\/wp-content\/uploads\/2023\/03\/moto_recuperaa-300x225.jpg 300w, https:\/\/4cantosalagoas.com.br\/portal\/wp-content\/uploads\/2023\/03\/moto_recuperaa-768x575.jpg 768w, https:\/\/4cantosalagoas.com.br\/portal\/wp-content\/uploads\/2023\/03\/moto_recuperaa-1024x766.jpg 1024w\" sizes=\"(max-width: 1280px) 100vw, 1280px\" \/><figcaption> <br>PC PRENDE ACUSADO DE ROUBO E RECUPERA MOTOCICLETA FURTADA<br><br> <\/figcaption><\/figure>\n\n\n\n<p>Policiais Civis da 6\u00aa Delegacia Regional (6\u00aa DRP), de S\u00e3o Miguel dos Campos, prenderam &nbsp;na tarde desta quarta-feira (8) um jovem, de 18 anos de idade, acusado de roubar, mediante emprego de arma de fogo, uma motocicleta. O roubo aconteceu &nbsp;no dia 24 de novembro do ano passado, no Centro da cidade.<\/p>\n\n\n\n<p>Durante as investiga\u00e7\u00f5es, o delegado regional Jo\u00e3o Marcello Almeida representou pela pris\u00e3o preventiva do jovem, sendo a medida deferida pelo ju\u00edzo da 4\u00aa Vara Criminal da Comarca local.<\/p>\n\n\n\n<p>O preso foi recolhido \u00e0 carceragem da 6\u00aaDRP, para posterior transfer\u00eancia ao sistema prisional, onde ficar\u00e1 \u00e0 disposi\u00e7\u00e3o da Justi\u00e7a.<\/p>\n\n\n\n<p><strong>Furtada<\/strong><\/p>\n\n\n\n<p>Os policiais civis da 6\u00aa DRP tamb\u00e9m recuperaram, nas imedia\u00e7\u00f5es da Rua Andr\u00e9 Bastos, em S\u00e3o Miguel, uma motocicleta que havia sido furtada dias antes.<\/p>\n\n\n\n<p>O ve\u00edculo foi entregue ao propriet\u00e1rio, e as investiga\u00e7\u00f5es ter\u00e3o continuidade no sentido de determinar a autoria do furto.<\/p>\n","protected":false},"excerpt":{"rendered":"<p>Policiais Civis da 6\u00aa Delegacia Regional (6\u00aa DRP), de S\u00e3o Miguel dos Campos, prenderam &nbsp;na tarde desta<\/p>\n","protected":false},"author":1,"featured_media":20183,"comment_status":"open","ping_status":"open","sticky":false,"template":"","format":"standard","meta":{"footnotes":""},"categories":[60],"tags":[],"class_list":["post-20182","post","type-post","status-publish","format-standard","has-post-thumbnail","hentry","category-capa"],"_links":{"self":[{"href":"https:\/\/4cantosalagoas.com.br\/portal\/wp-json\/wp\/v2\/posts\/20182","targetHints":{"allow":["GET"]}}],"collection":[{"href":"https:\/\/4cantosalagoas.com.br\/portal\/wp-json\/wp\/v2\/posts"}],"about":[{"href":"https:\/\/4cantosalagoas.com.br\/portal\/wp-json\/wp\/v2\/types\/post"}],"author":[{"embeddable":true,"href":"https:\/\/4cantosalagoas.com.br\/portal\/wp-json\/wp\/v2\/users\/1"}],"replies":[{"embeddable":true,"href":"https:\/\/4cantosalagoas.com.br\/portal\/wp-json\/wp\/v2\/comments?post=20182"}],"version-history":[{"count":1,"href":"https:\/\/4cantosalagoas.com.br\/portal\/wp-json\/wp\/v2\/posts\/20182\/revisions"}],"predecessor-version":[{"id":20184,"href":"https:\/\/4cantosalagoas.com.br\/portal\/wp-json\/wp\/v2\/posts\/20182\/revisions\/20184"}],"wp:featuredmedia":[{"embeddable":true,"href":"https:\/\/4cantosalagoas.com.br\/portal\/wp-json\/wp\/v2\/media\/20183"}],"wp:attachment":[{"href":"https:\/\/4cantosalagoas.com.br\/portal\/wp-json\/wp\/v2\/media?parent=20182"}],"wp:term":[{"taxonomy":"category","embeddable":true,"href":"https:\/\/4cantosalagoas.com.br\/portal\/wp-json\/wp\/v2\/categories?post=20182"},{"taxonomy":"post_tag","embeddable":true,"href":"https:\/\/4cantosalagoas.com.br\/portal\/wp-json\/wp\/v2\/tags?post=20182"}],"curies":[{"name":"wp","href":"https:\/\/api.w.org\/{rel}","templated":true}]}}