{"id":20173,"date":"2023-03-07T18:56:00","date_gmt":"2023-03-07T21:56:00","guid":{"rendered":"http:\/\/4cantosalagoas.com.br\/portal\/?p=20173"},"modified":"2023-03-07T18:56:01","modified_gmt":"2023-03-07T21:56:01","slug":"trecho-da-orla-da-jatiuca-sera-interditado-nesta-quinta-9-para-obra-de-contencao","status":"publish","type":"post","link":"https:\/\/4cantosalagoas.com.br\/portal\/trecho-da-orla-da-jatiuca-sera-interditado-nesta-quinta-9-para-obra-de-contencao\/","title":{"rendered":"Trecho da orla da Jati\u00faca ser\u00e1 interditado nesta quinta (9) para obra de conten\u00e7\u00e3o"},"content":{"rendered":"\n<figure class=\"wp-block-image\"><img fetchpriority=\"high\" decoding=\"async\" width=\"850\" height=\"560\" src=\"http:\/\/4cantosalagoas.com.br\/portal\/wp-content\/uploads\/2023\/03\/CFC6F528-930C-47EA-BA77-DB4AC905E4E3.jpeg\" alt=\"\" class=\"wp-image-20174\" srcset=\"https:\/\/4cantosalagoas.com.br\/portal\/wp-content\/uploads\/2023\/03\/CFC6F528-930C-47EA-BA77-DB4AC905E4E3.jpeg 850w, https:\/\/4cantosalagoas.com.br\/portal\/wp-content\/uploads\/2023\/03\/CFC6F528-930C-47EA-BA77-DB4AC905E4E3-300x198.jpeg 300w, https:\/\/4cantosalagoas.com.br\/portal\/wp-content\/uploads\/2023\/03\/CFC6F528-930C-47EA-BA77-DB4AC905E4E3-768x506.jpeg 768w\" sizes=\"(max-width: 850px) 100vw, 850px\" \/><figcaption> <br><em>Interdi\u00e7\u00e3o compreende o trecho entre a ciclovia e a pista de passeio na Jati\u00faca. Foto: Junior Bertoldo\/Ascom Seminfra<\/em> <\/figcaption><\/figure>\n\n\n\n<p>A Secretaria Municipal de Infraestrutura (Seminfra) vai interditar, nesta quinta-feira (9), um trecho de 150 metros de extens\u00e3o da ciclovia e da pista de passeio da orla de Macei\u00f3, entre a Lagoa da Anta e o final do Hotel Jati\u00faca. O bloqueio vai ocorrer durante todo o dia, da quinta-feira (9) at\u00e9 a segunda-feira (13).<\/p>\n\n\n\n<p>A interven\u00e7\u00e3o vai ocorrer para a instala\u00e7\u00e3o de pranchas met\u00e1licas de conten\u00e7\u00e3o nos trabalhos de funda\u00e7\u00e3o que ser\u00e3o desempenhados na localidade, como parte do processo de conten\u00e7\u00e3o definitiva do mar naquele trecho da orla.<\/p>\n\n\n\n<p>De acordo com o engenheiro fiscal da obra, C\u00edcero Rocha, as pranchas ter\u00e3o a fun\u00e7\u00e3o de evitar que a ciclovia e a faixa de pedestre sejam danificadas durante o processo de funda\u00e7\u00e3o da obra de conten\u00e7\u00e3o.<\/p>\n\n\n\n<p>A interdi\u00e7\u00e3o \u00e9 necess\u00e1ria para evitar acidentes com pedestres e ciclistas, por isso, a Seminfra orienta que os bloqueios n\u00e3o sejam acessados pelos transeuntes para que n\u00e3o haja transtornos.<\/p>\n\n\n\n<p>As obras de conten\u00e7\u00e3o mar\u00edtima na orla de Macei\u00f3 come\u00e7aram tendo como primeiro trecho o ponto que fica em frente ao JTR. Por l\u00e1, a obra j\u00e1 est\u00e1 70% conclu\u00edda.<\/p>\n\n\n\n<p>Em paralelo, a Prefeitura de Macei\u00f3 j\u00e1 iniciou o processo de funda\u00e7\u00e3o em mais dois trechos: um pr\u00f3ximo ao hotel Jati\u00faca e outro localizado na praia de Jacarecica.<\/p>\n\n\n\n<p>Assessoria<\/p>\n","protected":false},"excerpt":{"rendered":"<p>A Secretaria Municipal de Infraestrutura (Seminfra) vai interditar, nesta quinta-feira (9), um trecho de 150 metros de<\/p>\n","protected":false},"author":1,"featured_media":20174,"comment_status":"open","ping_status":"open","sticky":false,"template":"","format":"standard","meta":{"footnotes":""},"categories":[60],"tags":[],"class_list":["post-20173","post","type-post","status-publish","format-standard","has-post-thumbnail","hentry","category-capa"],"_links":{"self":[{"href":"https:\/\/4cantosalagoas.com.br\/portal\/wp-json\/wp\/v2\/posts\/20173","targetHints":{"allow":["GET"]}}],"collection":[{"href":"https:\/\/4cantosalagoas.com.br\/portal\/wp-json\/wp\/v2\/posts"}],"about":[{"href":"https:\/\/4cantosalagoas.com.br\/portal\/wp-json\/wp\/v2\/types\/post"}],"author":[{"embeddable":true,"href":"https:\/\/4cantosalagoas.com.br\/portal\/wp-json\/wp\/v2\/users\/1"}],"replies":[{"embeddable":true,"href":"https:\/\/4cantosalagoas.com.br\/portal\/wp-json\/wp\/v2\/comments?post=20173"}],"version-history":[{"count":1,"href":"https:\/\/4cantosalagoas.com.br\/portal\/wp-json\/wp\/v2\/posts\/20173\/revisions"}],"predecessor-version":[{"id":20175,"href":"https:\/\/4cantosalagoas.com.br\/portal\/wp-json\/wp\/v2\/posts\/20173\/revisions\/20175"}],"wp:featuredmedia":[{"embeddable":true,"href":"https:\/\/4cantosalagoas.com.br\/portal\/wp-json\/wp\/v2\/media\/20174"}],"wp:attachment":[{"href":"https:\/\/4cantosalagoas.com.br\/portal\/wp-json\/wp\/v2\/media?parent=20173"}],"wp:term":[{"taxonomy":"category","embeddable":true,"href":"https:\/\/4cantosalagoas.com.br\/portal\/wp-json\/wp\/v2\/categories?post=20173"},{"taxonomy":"post_tag","embeddable":true,"href":"https:\/\/4cantosalagoas.com.br\/portal\/wp-json\/wp\/v2\/tags?post=20173"}],"curies":[{"name":"wp","href":"https:\/\/api.w.org\/{rel}","templated":true}]}}