{"id":20050,"date":"2023-02-14T07:21:45","date_gmt":"2023-02-14T10:21:45","guid":{"rendered":"http:\/\/4cantosalagoas.com.br\/portal\/?p=20050"},"modified":"2023-02-14T07:21:48","modified_gmt":"2023-02-14T10:21:48","slug":"edital-para-concurso-de-delegado-da-pc-al-vai-destinar-vagas-para-minorias","status":"publish","type":"post","link":"https:\/\/4cantosalagoas.com.br\/portal\/edital-para-concurso-de-delegado-da-pc-al-vai-destinar-vagas-para-minorias\/","title":{"rendered":"Edital para concurso de Delegado da PC\/AL vai destinar vagas para minorias"},"content":{"rendered":"\n<figure class=\"wp-block-image\"><img fetchpriority=\"high\" decoding=\"async\" width=\"2800\" height=\"1852\" src=\"https:\/\/i0.wp.com\/4cantosalagoas.com.br\/portal\/wp-content\/uploads\/2023\/02\/edital-para-concurso-de-delegado-da-pc-al-vai-destinar-vagas-para-minorias.jpg?fit=1024%2C677\" alt=\"\" class=\"wp-image-20051\" srcset=\"https:\/\/4cantosalagoas.com.br\/portal\/wp-content\/uploads\/2023\/02\/edital-para-concurso-de-delegado-da-pc-al-vai-destinar-vagas-para-minorias.jpg 2800w, https:\/\/4cantosalagoas.com.br\/portal\/wp-content\/uploads\/2023\/02\/edital-para-concurso-de-delegado-da-pc-al-vai-destinar-vagas-para-minorias-300x198.jpg 300w, https:\/\/4cantosalagoas.com.br\/portal\/wp-content\/uploads\/2023\/02\/edital-para-concurso-de-delegado-da-pc-al-vai-destinar-vagas-para-minorias-768x508.jpg 768w, https:\/\/4cantosalagoas.com.br\/portal\/wp-content\/uploads\/2023\/02\/edital-para-concurso-de-delegado-da-pc-al-vai-destinar-vagas-para-minorias-1024x677.jpg 1024w\" sizes=\"(max-width: 2800px) 100vw, 2800px\" \/><figcaption> <br>Ascom Sefaz<br><br> <\/figcaption><\/figure>\n\n\n\n<p>O edital referente ao concurso p\u00fablico para o cargo de Delegado, da Pol\u00edcia Civil de Alagoas (PC\/AL), vai destinar 20% das vagas para a inclus\u00e3o de pessoas negras, ind\u00edgenas e quilombolas. Com a medida, divulgada na sexta-feira, dia 10, pelo Cebraspe, as inscri\u00e7\u00f5es est\u00e3o temporariamente adiadas.<br><\/p>\n\n\n\n<p>A decis\u00e3o atende \u00e0 demanda de candidatos que, ap\u00f3s consulta da Procuradoria Geral do Estado (PGE\/AL), verificou-se a necessidade de readequar o edital n\u00ba5, publicado em janeiro deste ano, \u00e0 Lei Estadual n\u00ba 8733, de 27 de julho de 2022, que&nbsp; institui a reserva de vagas para negros, ind\u00edgenas e quilombolas nos concursos p\u00fablicos do Estado de Alagoas.<\/p>\n\n\n\n<p>O edital com as novas regras do concurso e com o cronograma atualizado ser\u00e1 publicado no Di\u00e1rio Oficial do Estado de Alagoas (DOE) e divulgado no endere\u00e7o eletr\u00f4nico http:\/\/www.cebraspe.org.br\/concursos\/pc_al_22_delegado, em data oportuna.<\/p>\n\n\n\n<p>Assessoria<\/p>\n","protected":false},"excerpt":{"rendered":"<p>O edital referente ao concurso p\u00fablico para o cargo de Delegado, da Pol\u00edcia Civil de Alagoas (PC\/AL),<\/p>\n","protected":false},"author":1,"featured_media":20051,"comment_status":"open","ping_status":"open","sticky":false,"template":"","format":"standard","meta":{"footnotes":""},"categories":[60],"tags":[],"class_list":["post-20050","post","type-post","status-publish","format-standard","has-post-thumbnail","hentry","category-capa"],"_links":{"self":[{"href":"https:\/\/4cantosalagoas.com.br\/portal\/wp-json\/wp\/v2\/posts\/20050","targetHints":{"allow":["GET"]}}],"collection":[{"href":"https:\/\/4cantosalagoas.com.br\/portal\/wp-json\/wp\/v2\/posts"}],"about":[{"href":"https:\/\/4cantosalagoas.com.br\/portal\/wp-json\/wp\/v2\/types\/post"}],"author":[{"embeddable":true,"href":"https:\/\/4cantosalagoas.com.br\/portal\/wp-json\/wp\/v2\/users\/1"}],"replies":[{"embeddable":true,"href":"https:\/\/4cantosalagoas.com.br\/portal\/wp-json\/wp\/v2\/comments?post=20050"}],"version-history":[{"count":1,"href":"https:\/\/4cantosalagoas.com.br\/portal\/wp-json\/wp\/v2\/posts\/20050\/revisions"}],"predecessor-version":[{"id":20052,"href":"https:\/\/4cantosalagoas.com.br\/portal\/wp-json\/wp\/v2\/posts\/20050\/revisions\/20052"}],"wp:featuredmedia":[{"embeddable":true,"href":"https:\/\/4cantosalagoas.com.br\/portal\/wp-json\/wp\/v2\/media\/20051"}],"wp:attachment":[{"href":"https:\/\/4cantosalagoas.com.br\/portal\/wp-json\/wp\/v2\/media?parent=20050"}],"wp:term":[{"taxonomy":"category","embeddable":true,"href":"https:\/\/4cantosalagoas.com.br\/portal\/wp-json\/wp\/v2\/categories?post=20050"},{"taxonomy":"post_tag","embeddable":true,"href":"https:\/\/4cantosalagoas.com.br\/portal\/wp-json\/wp\/v2\/tags?post=20050"}],"curies":[{"name":"wp","href":"https:\/\/api.w.org\/{rel}","templated":true}]}}