{"id":20038,"date":"2023-02-13T06:55:37","date_gmt":"2023-02-13T09:55:37","guid":{"rendered":"http:\/\/4cantosalagoas.com.br\/portal\/?p=20038"},"modified":"2023-02-13T06:55:39","modified_gmt":"2023-02-13T09:55:39","slug":"sine-maceio-oferta-227-oportunidades-de-emprego-e-22-vagas-para-estagio-nesta-semana","status":"publish","type":"post","link":"https:\/\/4cantosalagoas.com.br\/portal\/sine-maceio-oferta-227-oportunidades-de-emprego-e-22-vagas-para-estagio-nesta-semana\/","title":{"rendered":"Sine Macei\u00f3 oferta 227 oportunidades de emprego e 22 vagas para est\u00e1gio nesta semana"},"content":{"rendered":"\n<figure class=\"wp-block-image\"><img fetchpriority=\"high\" decoding=\"async\" width=\"1024\" height=\"683\" src=\"http:\/\/4cantosalagoas.com.br\/portal\/wp-content\/uploads\/2019\/12\/sine-1024x683.jpg\" alt=\"\" class=\"wp-image-9631\" srcset=\"https:\/\/4cantosalagoas.com.br\/portal\/wp-content\/uploads\/2019\/12\/sine.jpg 1024w, https:\/\/4cantosalagoas.com.br\/portal\/wp-content\/uploads\/2019\/12\/sine-300x200.jpg 300w, https:\/\/4cantosalagoas.com.br\/portal\/wp-content\/uploads\/2019\/12\/sine-768x512.jpg 768w\" sizes=\"(max-width: 1024px) 100vw, 1024px\" \/><figcaption>Foto: Pei Fon\/Secom Macei\u00f3 <\/figcaption><\/figure>\n\n\n\n<p>Nesta segunda-feira (13) o Sine Macei\u00f3 est\u00e1 com 227 vagas de emprego para pessoas de toda cidade de Macei\u00f3, incluindo para jovem aprendiz, al\u00e9m de 22 vagas de est\u00e1gio para estudantes da \u00e1rea de Tecnologia da Informa\u00e7\u00e3o (T.I), contabilidade, administra\u00e7\u00e3o de empresas, ci\u00eancias econ\u00f4micas, ci\u00eancias cont\u00e1beis, inform\u00e1tica e gest\u00e3o de neg\u00f3cios e log\u00edstica.<\/p>\n\n\n\n<p>Para quem busca uma nova oportunidade no mercado de trabalho, o Sine disp\u00f5e cargos que n\u00e3o exigem n\u00edvel de escolaridade, at\u00e9 superior completo. Dentre os cargos listados essa semana est\u00e3o: vendedor, carpinteiro, atendente, auxiliar de cozinha, motorista, servi\u00e7os gerais, t\u00e9cnico de enfermagem, entre outros.<\/p>\n\n\n\n<p>Uma grande oportunidade, que tamb\u00e9m est\u00e1 sendo ofertada, s\u00e3o para pessoas com defici\u00eancia (PcD). As vagas dispon\u00edveis s\u00e3o para auxiliar de log\u00edstica, auxiliar de marceneiro, atendente de lanchonete, auxiliar de armaz\u00e9m, assistente de expedi\u00e7\u00e3o, eletricista de ve\u00edculo pesado, operador de loja, pedreiro, promotor de vendas, secret\u00e1ria administrativa e servente.<\/p>\n\n\n\n<p>Confira os cargos dispon\u00edveis, quantidade de vagas ofertadas e os requisitos clicando&nbsp;<a href=\"https:\/\/maceio.al.gov.br\/uploads\/documentos\/LISTA-ATUALIZADA-DA-SEMANA-13_02.pdf\"><strong>aqui.<\/strong><\/a><\/p>\n\n\n\n<p><strong>Cadastro<\/strong><\/p>\n\n\n\n<p>Para realizar o cadastro no Sine Macei\u00f3, o interessado pode enviar o curr\u00edculo para o e-mail&nbsp;<a href=\"mailto:imosine.semtabes@gmail.com\"><strong>imosine.semtabes@gmail.com<\/strong><\/a><strong>,<\/strong>&nbsp;informando a vaga que deseja se candidatar no assunto do e-mail. Tamb\u00e9m \u00e9 poss\u00edvel fazer o cadastro de forma presencial no posto de atendimento, que fica localizado no 2\u00ba piso do Shopping Popular, no centro da cidade. Basta levar o curr\u00edculo &#8211; de forma impressa ou digital &#8211; e o CPF em m\u00e3os.&nbsp;<\/p>\n\n\n\n<p>Os trabalhadores que n\u00e3o possuem o curr\u00edculo profissional, a equipe do Sine Macei\u00f3 auxilia na cria\u00e7\u00e3o do documento, al\u00e9m de oferecer orienta\u00e7\u00f5es profissionais. Todos os servi\u00e7os s\u00e3o gratuitos.<\/p>\n\n\n\n<p>O Sine Macei\u00f3 funciona de segunda a sexta-feira, das 8h \u00e0s 14h. Mais informa\u00e7\u00f5es pelo telefone\u00a0<strong>0800 082 6205<\/strong>\u00a0ou via Whatsapp\u00a0<strong>(82) 98879-1919<\/strong>.<\/p>\n\n\n\n<p>Assessoria<\/p>\n","protected":false},"excerpt":{"rendered":"<p>Nesta segunda-feira (13) o Sine Macei\u00f3 est\u00e1 com 227 vagas de emprego para pessoas de toda cidade<\/p>\n","protected":false},"author":1,"featured_media":9266,"comment_status":"open","ping_status":"open","sticky":false,"template":"","format":"standard","meta":{"footnotes":""},"categories":[60],"tags":[],"class_list":["post-20038","post","type-post","status-publish","format-standard","has-post-thumbnail","hentry","category-capa"],"_links":{"self":[{"href":"https:\/\/4cantosalagoas.com.br\/portal\/wp-json\/wp\/v2\/posts\/20038","targetHints":{"allow":["GET"]}}],"collection":[{"href":"https:\/\/4cantosalagoas.com.br\/portal\/wp-json\/wp\/v2\/posts"}],"about":[{"href":"https:\/\/4cantosalagoas.com.br\/portal\/wp-json\/wp\/v2\/types\/post"}],"author":[{"embeddable":true,"href":"https:\/\/4cantosalagoas.com.br\/portal\/wp-json\/wp\/v2\/users\/1"}],"replies":[{"embeddable":true,"href":"https:\/\/4cantosalagoas.com.br\/portal\/wp-json\/wp\/v2\/comments?post=20038"}],"version-history":[{"count":1,"href":"https:\/\/4cantosalagoas.com.br\/portal\/wp-json\/wp\/v2\/posts\/20038\/revisions"}],"predecessor-version":[{"id":20039,"href":"https:\/\/4cantosalagoas.com.br\/portal\/wp-json\/wp\/v2\/posts\/20038\/revisions\/20039"}],"wp:featuredmedia":[{"embeddable":true,"href":"https:\/\/4cantosalagoas.com.br\/portal\/wp-json\/wp\/v2\/media\/9266"}],"wp:attachment":[{"href":"https:\/\/4cantosalagoas.com.br\/portal\/wp-json\/wp\/v2\/media?parent=20038"}],"wp:term":[{"taxonomy":"category","embeddable":true,"href":"https:\/\/4cantosalagoas.com.br\/portal\/wp-json\/wp\/v2\/categories?post=20038"},{"taxonomy":"post_tag","embeddable":true,"href":"https:\/\/4cantosalagoas.com.br\/portal\/wp-json\/wp\/v2\/tags?post=20038"}],"curies":[{"name":"wp","href":"https:\/\/api.w.org\/{rel}","templated":true}]}}