{"id":19886,"date":"2023-01-25T09:16:28","date_gmt":"2023-01-25T12:16:28","guid":{"rendered":"http:\/\/4cantosalagoas.com.br\/portal\/?p=19886"},"modified":"2023-01-25T09:16:30","modified_gmt":"2023-01-25T12:16:30","slug":"frevo-no-centro-percorrera-ruas-do-comercio-de-maceio","status":"publish","type":"post","link":"https:\/\/4cantosalagoas.com.br\/portal\/frevo-no-centro-percorrera-ruas-do-comercio-de-maceio\/","title":{"rendered":"Frevo no Centro percorrer\u00e1 ruas do com\u00e9rcio de Macei\u00f3"},"content":{"rendered":"\n<figure class=\"wp-block-image\"><img fetchpriority=\"high\" decoding=\"async\" width=\"850\" height=\"560\" src=\"http:\/\/4cantosalagoas.com.br\/portal\/wp-content\/uploads\/2023\/01\/12-02-22-Frevo-Correndo-no-Centro-FMAC-Foto-Micael-Oliveira-109.jpg\" alt=\"\" class=\"wp-image-19887\" srcset=\"https:\/\/4cantosalagoas.com.br\/portal\/wp-content\/uploads\/2023\/01\/12-02-22-Frevo-Correndo-no-Centro-FMAC-Foto-Micael-Oliveira-109.jpg 850w, https:\/\/4cantosalagoas.com.br\/portal\/wp-content\/uploads\/2023\/01\/12-02-22-Frevo-Correndo-no-Centro-FMAC-Foto-Micael-Oliveira-109-300x198.jpg 300w, https:\/\/4cantosalagoas.com.br\/portal\/wp-content\/uploads\/2023\/01\/12-02-22-Frevo-Correndo-no-Centro-FMAC-Foto-Micael-Oliveira-109-768x506.jpg 768w\" sizes=\"(max-width: 850px) 100vw, 850px\" \/><figcaption> <br><em>Frevo no Centro come\u00e7a dia 1\u00ba de fevereiro, com participa\u00e7\u00e3o do Pinto da Madrugada. Foto: Micael Oliveira\/Ascom FMAC<\/em> <\/figcaption><\/figure>\n\n\n\n<p>Abrindo o m\u00eas de fevereiro, a Funda\u00e7\u00e3o Municipal de A\u00e7\u00e3o Cultural (FMAC), em parceria com a Alian\u00e7a Comercial de Macei\u00f3, lan\u00e7a o projeto Frevo no Centro, que levar\u00e1 a alegria do carnaval para as ruas hist\u00f3ricas do com\u00e9rcio da capital alagoana.<\/p>\n\n\n\n<p>O projeto tem abertura marcada para o dia 1\u00ba de fevereiro, na entrada do cal\u00e7ad\u00e3o da Rua do Com\u00e9rcio, e contar\u00e1 com a participa\u00e7\u00e3o especial do tradicional Pinto da Madrugada. Depois, o evento segue nos dias 2, 3, 9 e 10 de fevereiro com orquestras de frevo circulando pelo cal\u00e7ad\u00e3o do com\u00e9rcio, das 10h \u00e0s 13h.<\/p>\n\n\n\n<p>Para a presidente da Alian\u00e7a do Com\u00e9rcio, Andreia Geraldo, esta \u00e9 mais uma vit\u00f3ria para a cultura e para o Centro de Macei\u00f3. \u201cEstamos muito felizes pela FMAC reconhecer a import\u00e2ncia do Centro de Macei\u00f3 e ser parceira da Alian\u00e7a Comercial em mais esta a\u00e7\u00e3o. Ser\u00e3o cinco dias de folia, com a presen\u00e7a ilustre do Pinto da Madrugada, que animar\u00e1 quem estiver realizando suas compras no Centro para o carnaval\u201d, comenta.<\/p>\n\n\n\n<p>O projeto acontece com o envolvimento das Orquestras de Frevo credenciadas nos editais de incentivo \u00e0 cultura da FMAC, sendo todas as apresenta\u00e7\u00f5es pagas pelo munic\u00edpio. &#8220;Dia 9 de fevereiro \u00e9 o dia que se homenageia o ritmo, que \u00e9 Patrim\u00f4nio Cultural Imaterial da Humanidade. Nada mais justo que comemorar junto da popula\u00e7\u00e3o e dos fazedores da arte do frevo da nossa cidade&#8221;, conclui o presidente da Funda\u00e7\u00e3o, Jo\u00e3o Hugo Lyra.<\/p>\n\n\n\n<p>Assessoria<\/p>\n","protected":false},"excerpt":{"rendered":"<p>Abrindo o m\u00eas de fevereiro, a Funda\u00e7\u00e3o Municipal de A\u00e7\u00e3o Cultural (FMAC), em parceria com a Alian\u00e7a<\/p>\n","protected":false},"author":1,"featured_media":19887,"comment_status":"open","ping_status":"open","sticky":false,"template":"","format":"standard","meta":{"footnotes":""},"categories":[60],"tags":[],"class_list":["post-19886","post","type-post","status-publish","format-standard","has-post-thumbnail","hentry","category-capa"],"_links":{"self":[{"href":"https:\/\/4cantosalagoas.com.br\/portal\/wp-json\/wp\/v2\/posts\/19886","targetHints":{"allow":["GET"]}}],"collection":[{"href":"https:\/\/4cantosalagoas.com.br\/portal\/wp-json\/wp\/v2\/posts"}],"about":[{"href":"https:\/\/4cantosalagoas.com.br\/portal\/wp-json\/wp\/v2\/types\/post"}],"author":[{"embeddable":true,"href":"https:\/\/4cantosalagoas.com.br\/portal\/wp-json\/wp\/v2\/users\/1"}],"replies":[{"embeddable":true,"href":"https:\/\/4cantosalagoas.com.br\/portal\/wp-json\/wp\/v2\/comments?post=19886"}],"version-history":[{"count":1,"href":"https:\/\/4cantosalagoas.com.br\/portal\/wp-json\/wp\/v2\/posts\/19886\/revisions"}],"predecessor-version":[{"id":19888,"href":"https:\/\/4cantosalagoas.com.br\/portal\/wp-json\/wp\/v2\/posts\/19886\/revisions\/19888"}],"wp:featuredmedia":[{"embeddable":true,"href":"https:\/\/4cantosalagoas.com.br\/portal\/wp-json\/wp\/v2\/media\/19887"}],"wp:attachment":[{"href":"https:\/\/4cantosalagoas.com.br\/portal\/wp-json\/wp\/v2\/media?parent=19886"}],"wp:term":[{"taxonomy":"category","embeddable":true,"href":"https:\/\/4cantosalagoas.com.br\/portal\/wp-json\/wp\/v2\/categories?post=19886"},{"taxonomy":"post_tag","embeddable":true,"href":"https:\/\/4cantosalagoas.com.br\/portal\/wp-json\/wp\/v2\/tags?post=19886"}],"curies":[{"name":"wp","href":"https:\/\/api.w.org\/{rel}","templated":true}]}}