{"id":19883,"date":"2023-01-25T06:09:57","date_gmt":"2023-01-25T09:09:57","guid":{"rendered":"http:\/\/4cantosalagoas.com.br\/portal\/?p=19883"},"modified":"2023-01-25T09:14:28","modified_gmt":"2023-01-25T12:14:28","slug":"tres-sao-presos-durante-operacao-contra-roubo-de-cargas-em-alagoas-e-pernambuco","status":"publish","type":"post","link":"https:\/\/4cantosalagoas.com.br\/portal\/tres-sao-presos-durante-operacao-contra-roubo-de-cargas-em-alagoas-e-pernambuco\/","title":{"rendered":"Tr\u00eas s\u00e3o presos durante opera\u00e7\u00e3o contra roubo de cargas em Alagoas e Pernambuco"},"content":{"rendered":"\n<figure class=\"wp-block-image\"><img fetchpriority=\"high\" decoding=\"async\" width=\"2800\" height=\"2100\" src=\"https:\/\/i0.wp.com\/4cantosalagoas.com.br\/portal\/wp-content\/uploads\/2023\/01\/tres-sao-presos-durante-operacao-contra-roubo-de-cargas-em-alagoas-e-pernambuco.jpeg?fit=1024%2C768\" alt=\"\" class=\"wp-image-19884\" srcset=\"https:\/\/4cantosalagoas.com.br\/portal\/wp-content\/uploads\/2023\/01\/tres-sao-presos-durante-operacao-contra-roubo-de-cargas-em-alagoas-e-pernambuco.jpeg 2800w, https:\/\/4cantosalagoas.com.br\/portal\/wp-content\/uploads\/2023\/01\/tres-sao-presos-durante-operacao-contra-roubo-de-cargas-em-alagoas-e-pernambuco-300x225.jpeg 300w, https:\/\/4cantosalagoas.com.br\/portal\/wp-content\/uploads\/2023\/01\/tres-sao-presos-durante-operacao-contra-roubo-de-cargas-em-alagoas-e-pernambuco-768x576.jpeg 768w, https:\/\/4cantosalagoas.com.br\/portal\/wp-content\/uploads\/2023\/01\/tres-sao-presos-durante-operacao-contra-roubo-de-cargas-em-alagoas-e-pernambuco-1024x768.jpeg 1024w\" sizes=\"(max-width: 2800px) 100vw, 2800px\" \/><figcaption> <br>Ascom PC<br><br> <\/figcaption><\/figure>\n\n\n\n<p>Uma opera\u00e7\u00e3o deflagrada pela Pol\u00edcia Civil de Alagoas, com o apoio da PC de Pernambuco, deu cumprimento nesta ter\u00e7a-feira (24) a mandados de pris\u00e3o contra tr\u00eas pessoas, acusadas no roubo de cargas nos dois Estados. Os mandados foram expedidos pelo Ju\u00edzo de S\u00e3o Jos\u00e9 da Laje.&nbsp;Dois acusados estavam soltos e foram detidos, enquanto o terceiro j\u00e1 estava no sistema prisional de Garanhuns\/PE, onde o mandado de pris\u00e3o foi cumprido. Ele vai permanecer em Pernambuco, enquanto os outros dois ser\u00e3o trazidos para a Divis\u00e3o Especial de Investiga\u00e7\u00e3o e Capturas (Deic), em Macei\u00f3.<br><br><\/p>\n\n\n\n<p>Os delegados Igor Diego, coordenador da Deic, e Felipe Caldas, que comandou a opera\u00e7\u00e3o, informaram que os acusados realizavam assaltos a carretas em Alagoas e Pernambuco, entre S\u00e3o Jos\u00e9 da Laje\/AL e Quipap\u00e1\/AL. Posteriormente, repassavam as cargas roubadas a receptadores, enquanto mantinham os motoristas das carretas em c\u00e1rcere. Ap\u00f3s o transbordo da carga roubada, eles liberavam os motoristas dos caminh\u00f5es na beira da rodovia.<br><br><\/p>\n\n\n\n<figure class=\"wp-block-image\"><img decoding=\"async\" src=\"http:\/\/alagoas.al.gov.br\/imagens\/conteudos\/37ba67dd6d22a4426419613e47a06063\/\/WhatsApp%20Image%202023-01-24%20at%2011.15.15.jpeg\" alt=\"\"\/><\/figure>\n\n\n\n<p><br><br>As investiga\u00e7\u00f5es duraram aproximadamente seis meses, e em seu in\u00edcio tiveram o apoio do N\u00facleo de Intelig\u00eancia da Pol\u00edcia Rodovi\u00e1ria Federal, depois de uma s\u00e9rie de registros de assaltos na divisa dos dois Estados.&nbsp;O ve\u00edculo utilizado nos assaltos foi reconhecido pelas v\u00edtimas, sendo apreendido. Tamb\u00e9m foram apreendidos Smartphones dos acusados.<br><br><\/p>\n\n\n\n<p>A opera\u00e7\u00e3o foi denominada \u201cPrincesinha da Fronteira\u201d, nome carinhoso dado \u00e0 cidade de S\u00e3o Jos\u00e9 da Laje, um dos locais atingidos pelos assaltos.\u00a0A a\u00e7\u00e3o desta ter\u00e7a-feira teve o apoio do delegado Marcos Omena, da 18\u00aa Seccional de Garanhuns; Victor Carvalho, da 22\u00aa Delegacia de Homic\u00eddios de Garanhuns; Marcelo Francisco, da 135\u00ba Circunscri\u00e7\u00e3o de Garanhuns; al\u00e9m do N\u00facleo de Intelig\u00eancia, Se\u00e7\u00e3o de Roubo a Bancos, Se\u00e7\u00e3o Antissequestro e Se\u00e7\u00e3o de Capturas, da Deic.<\/p>\n\n\n\n<p>Assessoria<\/p>\n","protected":false},"excerpt":{"rendered":"<p>Uma opera\u00e7\u00e3o deflagrada pela Pol\u00edcia Civil de Alagoas, com o apoio da PC de Pernambuco, deu cumprimento<\/p>\n","protected":false},"author":1,"featured_media":19884,"comment_status":"open","ping_status":"open","sticky":false,"template":"","format":"standard","meta":{"footnotes":""},"categories":[60],"tags":[],"class_list":["post-19883","post","type-post","status-publish","format-standard","has-post-thumbnail","hentry","category-capa"],"_links":{"self":[{"href":"https:\/\/4cantosalagoas.com.br\/portal\/wp-json\/wp\/v2\/posts\/19883","targetHints":{"allow":["GET"]}}],"collection":[{"href":"https:\/\/4cantosalagoas.com.br\/portal\/wp-json\/wp\/v2\/posts"}],"about":[{"href":"https:\/\/4cantosalagoas.com.br\/portal\/wp-json\/wp\/v2\/types\/post"}],"author":[{"embeddable":true,"href":"https:\/\/4cantosalagoas.com.br\/portal\/wp-json\/wp\/v2\/users\/1"}],"replies":[{"embeddable":true,"href":"https:\/\/4cantosalagoas.com.br\/portal\/wp-json\/wp\/v2\/comments?post=19883"}],"version-history":[{"count":1,"href":"https:\/\/4cantosalagoas.com.br\/portal\/wp-json\/wp\/v2\/posts\/19883\/revisions"}],"predecessor-version":[{"id":19885,"href":"https:\/\/4cantosalagoas.com.br\/portal\/wp-json\/wp\/v2\/posts\/19883\/revisions\/19885"}],"wp:featuredmedia":[{"embeddable":true,"href":"https:\/\/4cantosalagoas.com.br\/portal\/wp-json\/wp\/v2\/media\/19884"}],"wp:attachment":[{"href":"https:\/\/4cantosalagoas.com.br\/portal\/wp-json\/wp\/v2\/media?parent=19883"}],"wp:term":[{"taxonomy":"category","embeddable":true,"href":"https:\/\/4cantosalagoas.com.br\/portal\/wp-json\/wp\/v2\/categories?post=19883"},{"taxonomy":"post_tag","embeddable":true,"href":"https:\/\/4cantosalagoas.com.br\/portal\/wp-json\/wp\/v2\/tags?post=19883"}],"curies":[{"name":"wp","href":"https:\/\/api.w.org\/{rel}","templated":true}]}}