{"id":19567,"date":"2022-12-16T09:29:06","date_gmt":"2022-12-16T12:29:06","guid":{"rendered":"http:\/\/4cantosalagoas.com.br\/portal\/?p=19567"},"modified":"2022-12-16T09:29:06","modified_gmt":"2022-12-16T12:29:06","slug":"prefeitura-lanca-festival-de-gastronomia-popular-maceio-dos-prazeres-nesta-terca-20","status":"publish","type":"post","link":"https:\/\/4cantosalagoas.com.br\/portal\/prefeitura-lanca-festival-de-gastronomia-popular-maceio-dos-prazeres-nesta-terca-20\/","title":{"rendered":"Prefeitura lan\u00e7a Festival de Gastronomia Popular Macei\u00f3 dos Prazeres nesta ter\u00e7a (20)"},"content":{"rendered":"\n<figure class=\"wp-block-image\"><img fetchpriority=\"high\" decoding=\"async\" width=\"850\" height=\"560\" src=\"http:\/\/4cantosalagoas.com.br\/portal\/wp-content\/uploads\/2022\/12\/05-12-22-Festival-Prazeres-Maceio-Gastronomia-SECOM-Foto-Alisson-Frazao-022.jpg\" alt=\"\" class=\"wp-image-19568\" srcset=\"https:\/\/4cantosalagoas.com.br\/portal\/wp-content\/uploads\/2022\/12\/05-12-22-Festival-Prazeres-Maceio-Gastronomia-SECOM-Foto-Alisson-Frazao-022.jpg 850w, https:\/\/4cantosalagoas.com.br\/portal\/wp-content\/uploads\/2022\/12\/05-12-22-Festival-Prazeres-Maceio-Gastronomia-SECOM-Foto-Alisson-Frazao-022-300x198.jpg 300w, https:\/\/4cantosalagoas.com.br\/portal\/wp-content\/uploads\/2022\/12\/05-12-22-Festival-Prazeres-Maceio-Gastronomia-SECOM-Foto-Alisson-Frazao-022-768x506.jpg 768w\" sizes=\"(max-width: 850px) 100vw, 850px\" \/><figcaption> <br><em>Foto: Alisson Fraz\u00e3o \/ Secom Macei\u00f3<\/em> <\/figcaption><\/figure>\n\n\n\n<p>Uma mistura de tradi\u00e7\u00e3o e sabor. \u00c9 isso que promete a primeira edi\u00e7\u00e3o do Festival de Gastronomia Popular Macei\u00f3 dos Prazeres, evento idealizado em parceria com a blogueira e jornalista Nide Lins, uma refer\u00eancia quando o assunto \u00e9 dicas gastron\u00f4micas em Alagoas. O festival ser\u00e1 lan\u00e7ado nesta ter\u00e7a-feira (20), \u00e0s 19h, no Mercado 31, no bairro de Jaragu\u00e1.<\/p>\n\n\n\n<p>Para a jornalista, o Macei\u00f3 dos Prazeres ser\u00e1 uma celebra\u00e7\u00e3o aos sabores da capital. \u201cO festival vai reunir, num s\u00f3 lugar, v\u00e1rias hist\u00f3rias de donos de botecos e at\u00e9 de comida de rua, que n\u00e3o tem muita visibilidade, para que o alagoano e o turista possam conhecer o ouro da gastronomia da nossa terra. Ser\u00e1 um momento de celebra\u00e7\u00e3o dos sabores, aromas e temperos de gente que deixa a nossa Macei\u00f3 mais gostosa e criativa, al\u00e9m de um resumo dos 10 anos do meu blog no TNH1\u201d, disse Nide Lins, curadora do evento.<\/p>\n\n\n\n<p>O festival ser\u00e1 realizado em janeiro de 2023, e vai reunir botecos, restaurantes e lanchonetes que oferecem sabores diversos e que valorizam os ingredientes da terra. Al\u00e9m disso, tamb\u00e9m vai promover o &#8220;Pr\u00eamio Nide Lins\u201d, com vota\u00e7\u00e3o aberta ao p\u00fablico, com maceioenses e turistas podendo avaliar os melhores pratos servidos durante o festival.<\/p>\n\n\n\n<p>No evento de lan\u00e7amento, que acontece na ter\u00e7a-feira (20), ser\u00e3o apresentados todos os crit\u00e9rios de participa\u00e7\u00e3o, assim como local, dias e toda a programa\u00e7\u00e3o do festival.<\/p>\n\n\n\n<figure class=\"wp-block-image\"><a href=\"https:\/\/maceioalgovbr.dhost.cloud\/uploads\/imagens\/05-12-22-Festival-Prazeres-Maceio-Gastronomia-SECOM-Foto-Alisson-Frazao-007.jpg\"><img decoding=\"async\" src=\"https:\/\/maceioalgovbr.dhost.cloud\/uploads\/imagens\/_845xAUTO_crop_center-center_none\/05-12-22-Festival-Prazeres-Maceio-Gastronomia-SECOM-Foto-Alisson-Frazao-007.jpg\" alt=\"Foto: Alisson Fraz\u00e3o \/ Secom Macei\u00f3\"\/><\/a><figcaption>Foto: Alisson Fraz\u00e3o \/ Secom Macei\u00f3<\/figcaption><\/figure>\n\n\n\n<p><strong>Potencial tur\u00edstico e cultural<\/strong>&nbsp;\u2013 O secret\u00e1rio Municipal de Turismo Esporte e Lazer (Semtel), Eduardo Monteiro, destaca que a parceria entre a Prefeitura com a jornalista Nide Lins, na realiza\u00e7\u00e3o do Macei\u00f3 dos Prazeres valoriza a cultura gastron\u00f4mica e contribui efetivamente para impulsionar a economia e o turismo local.<\/p>\n\n\n\n<p>\u201cEssa iniciativa da Prefeitura de Macei\u00f3 busca valorizar ainda mais a nossa culin\u00e1ria, que se destaca como um importante indutor de fluxo tur\u00edstico e impulsionador da economia local. Para n\u00f3s, ser\u00e1 um enorme prazer apresentar um pouco mais deste segmento, junto com o talento da nossa gente, que encanta n\u00e3o somente os turistas, mas, tamb\u00e9m, os maceioenses\u201d, argumenta o secret\u00e1rio.<\/p>\n\n\n\n<p>A Funda\u00e7\u00e3o Municipal de A\u00e7\u00e3o Cultural (FMAC) tamb\u00e9m est\u00e1 como parceira do evento e est\u00e1 programando apresenta\u00e7\u00f5es art\u00edsticas tanto para o lan\u00e7amento do festival quanto para o fim de semana de premia\u00e7\u00e3o em janeiro.<\/p>\n\n\n\n<figure class=\"wp-block-image\"><a href=\"https:\/\/maceioalgovbr.dhost.cloud\/uploads\/imagens\/02-12-22-Festival-Prazeres-Maceio-Gastronomia-SECOM-Foto-Juliete-Santos-25.jpg\"><img decoding=\"async\" src=\"https:\/\/maceioalgovbr.dhost.cloud\/uploads\/imagens\/_206x160_crop_center-center_none\/02-12-22-Festival-Prazeres-Maceio-Gastronomia-SECOM-Foto-Juliete-Santos-25.jpg\" alt=\"\"\/><\/a><\/figure>\n\n\n\n<figure class=\"wp-block-image\"><a href=\"https:\/\/maceioalgovbr.dhost.cloud\/uploads\/imagens\/07-12-22-Festival-Prazeres-Maceio-Gastronomia-SECOM-Foto-Alisson-Frazao-014.jpg\"><img decoding=\"async\" src=\"https:\/\/maceioalgovbr.dhost.cloud\/uploads\/imagens\/_206x160_crop_center-center_none\/07-12-22-Festival-Prazeres-Maceio-Gastronomia-SECOM-Foto-Alisson-Frazao-014.jpg\" alt=\"\"\/><\/a><\/figure>\n\n\n\n<figure class=\"wp-block-image\"><a href=\"https:\/\/maceioalgovbr.dhost.cloud\/uploads\/imagens\/07-12-22-Festival-Prazeres-Maceio-Gastronomia-SECOM-Foto-Alisson-Frazao-020.jpg\"><img decoding=\"async\" src=\"https:\/\/maceioalgovbr.dhost.cloud\/uploads\/imagens\/_206x160_crop_center-center_none\/07-12-22-Festival-Prazeres-Maceio-Gastronomia-SECOM-Foto-Alisson-Frazao-020.jpg\" alt=\"\"\/><\/a><\/figure>\n\n\n\n<p><em>Fotos: Alisson Fraz\u00e3o e Juliete Santos \/ Secom Macei\u00f3<\/em><\/p>\n","protected":false},"excerpt":{"rendered":"<p>Uma mistura de tradi\u00e7\u00e3o e sabor. \u00c9 isso que promete a primeira edi\u00e7\u00e3o do Festival de Gastronomia<\/p>\n","protected":false},"author":1,"featured_media":19568,"comment_status":"open","ping_status":"open","sticky":false,"template":"","format":"standard","meta":{"footnotes":""},"categories":[60],"tags":[],"class_list":["post-19567","post","type-post","status-publish","format-standard","has-post-thumbnail","hentry","category-capa"],"_links":{"self":[{"href":"https:\/\/4cantosalagoas.com.br\/portal\/wp-json\/wp\/v2\/posts\/19567","targetHints":{"allow":["GET"]}}],"collection":[{"href":"https:\/\/4cantosalagoas.com.br\/portal\/wp-json\/wp\/v2\/posts"}],"about":[{"href":"https:\/\/4cantosalagoas.com.br\/portal\/wp-json\/wp\/v2\/types\/post"}],"author":[{"embeddable":true,"href":"https:\/\/4cantosalagoas.com.br\/portal\/wp-json\/wp\/v2\/users\/1"}],"replies":[{"embeddable":true,"href":"https:\/\/4cantosalagoas.com.br\/portal\/wp-json\/wp\/v2\/comments?post=19567"}],"version-history":[{"count":1,"href":"https:\/\/4cantosalagoas.com.br\/portal\/wp-json\/wp\/v2\/posts\/19567\/revisions"}],"predecessor-version":[{"id":19569,"href":"https:\/\/4cantosalagoas.com.br\/portal\/wp-json\/wp\/v2\/posts\/19567\/revisions\/19569"}],"wp:featuredmedia":[{"embeddable":true,"href":"https:\/\/4cantosalagoas.com.br\/portal\/wp-json\/wp\/v2\/media\/19568"}],"wp:attachment":[{"href":"https:\/\/4cantosalagoas.com.br\/portal\/wp-json\/wp\/v2\/media?parent=19567"}],"wp:term":[{"taxonomy":"category","embeddable":true,"href":"https:\/\/4cantosalagoas.com.br\/portal\/wp-json\/wp\/v2\/categories?post=19567"},{"taxonomy":"post_tag","embeddable":true,"href":"https:\/\/4cantosalagoas.com.br\/portal\/wp-json\/wp\/v2\/tags?post=19567"}],"curies":[{"name":"wp","href":"https:\/\/api.w.org\/{rel}","templated":true}]}}