{"id":19478,"date":"2022-12-05T08:02:33","date_gmt":"2022-12-05T11:02:33","guid":{"rendered":"http:\/\/4cantosalagoas.com.br\/portal\/?p=19478"},"modified":"2022-12-05T08:02:35","modified_gmt":"2022-12-05T11:02:35","slug":"cerca-de-300-pessoas-em-situacao-de-rua-devem-ser-beneficiadas-em-acao-na-segunda-5","status":"publish","type":"post","link":"https:\/\/4cantosalagoas.com.br\/portal\/cerca-de-300-pessoas-em-situacao-de-rua-devem-ser-beneficiadas-em-acao-na-segunda-5\/","title":{"rendered":"Cerca de 300 pessoas em situa\u00e7\u00e3o de rua devem ser beneficiadas em a\u00e7\u00e3o na segunda (5)"},"content":{"rendered":"\n<figure class=\"wp-block-image\"><img fetchpriority=\"high\" decoding=\"async\" width=\"900\" height=\"600\" src=\"http:\/\/4cantosalagoas.com.br\/portal\/wp-content\/uploads\/2022\/12\/023c94996bdd2596d46eeff0fb3380d0.jpg\" alt=\"\" class=\"wp-image-19479\" srcset=\"https:\/\/4cantosalagoas.com.br\/portal\/wp-content\/uploads\/2022\/12\/023c94996bdd2596d46eeff0fb3380d0.jpg 900w, https:\/\/4cantosalagoas.com.br\/portal\/wp-content\/uploads\/2022\/12\/023c94996bdd2596d46eeff0fb3380d0-300x200.jpg 300w, https:\/\/4cantosalagoas.com.br\/portal\/wp-content\/uploads\/2022\/12\/023c94996bdd2596d46eeff0fb3380d0-768x512.jpg 768w\" sizes=\"(max-width: 900px) 100vw, 900px\" \/><figcaption> <br>Estrutura do evento sendo montada na Pra\u00e7a Deodoro, em frente ao TJAL. Foto: Caio Loureiro. <\/figcaption><\/figure>\n\n\n\n<p>A Pra\u00e7a Deodoro, no centro de Macei\u00f3, ser\u00e1 palco de uma a\u00e7\u00e3o social do Poder Judici\u00e1rio de Alagoas voltada para a popula\u00e7\u00e3o em situa\u00e7\u00e3o de rua nesta segunda (5), das 8h \u00e0s 13h. Cerca de 300 pessoas devem ser beneficiadas com a iniciativa, que conta com a parceria de diversos \u00f3rg\u00e3os p\u00fablicos e institui\u00e7\u00f5es sociais, promovendo a\u00e7\u00f5es para garantia da cidadania, como emiss\u00e3o de documentos, solu\u00e7\u00e3o de demandas c\u00edveis, al\u00e9m de servi\u00e7os de sa\u00fade e lazer.<\/p>\n\n\n\n<p>Durante o evento, ser\u00e3o ofertados os seguintes servi\u00e7os: emiss\u00e3o de documentos b\u00e1sicos, como 1\u00aa e 2\u00aa vias do RG, certid\u00e3o de nascimento, certid\u00e3o de \u00f3bito, CPF, carteira de trabalho, cadastro e encaminhamento para vagas de emprego, seguro-desemprego, resolu\u00e7\u00e3o de demandas c\u00edveis de pequena complexidade, media\u00e7\u00e3o e concilia\u00e7\u00e3o, consult\u00f3rio m\u00e9dico e odontol\u00f3gico, banho social, recrea\u00e7\u00e3o e lanche.<\/p>\n\n\n\n<p>A a\u00e7\u00e3o \u00e9 promovida pelo TJAL atrav\u00e9s do programa Justi\u00e7a Itinerante e da Coordenadoria de Direitos Humanos, em parceria com o Governo do Estado, Prefeitura de Macei\u00f3, Minist\u00e9rio P\u00fablico, Defensoria P\u00fablica, Sesc, Igreja Batista do Pinheiro e Movimento Popula\u00e7\u00e3o de Rua de Alagoas. A estrutura f\u00edsica&nbsp;foi viabilizada pela Diretoria de Comunica\u00e7\u00e3o (Dicom) do TJAL.<\/p>\n\n\n\n<p>O secret\u00e1rio da Coordenadoria de Direitos Humanos do TJAL, Pedro Montenegro, destaca a import\u00e2ncia de promover a cidadania para quem mais precisa. &#8220;O poder p\u00fablico precisa ir aonde est\u00e3o as pessoas que mais precisam, e uma das mais necessitadas s\u00e3o as pessoas em situa\u00e7\u00e3o de rua. Muitas vezes elas n\u00e3o t\u00eam sequer a documenta\u00e7\u00e3o b\u00e1sica, que \u00e9 o primeiro passo para a cidadania&#8221;.<\/p>\n\n\n\n<p>A a\u00e7\u00e3o atende a resolu\u00e7\u00e3o n\u00ba 425 de 08\/10\/2021, do Conselho Nacional de Justi\u00e7a (CNJ), que instituiu, no \u00e2mbito do Judici\u00e1rio, a Pol\u00edtica Nacional Judicial de Aten\u00e7\u00e3o a Pessoas em Situa\u00e7\u00e3o de Rua. O evento tamb\u00e9m faz alus\u00e3o ao Dia Internacional dos Direitos Humanos, celebrado anualmente no dia 10 de dezembro.<\/p>\n\n\n\n<p>&#8220;Nenhum ser humano pode estar abaixo da lei, com a sua dignidade comprometida, porque na nossa Constitui\u00e7\u00e3o de 1988 a dignidade da pessoa humana \u00e9 um princ\u00edpio fundamental, e toda a\u00e7\u00e3o p\u00fablica precisa estar alinhada a esse princ\u00edpio&#8221;, ressalta Montenegro.<\/p>\n\n\n\n<p><strong>Diretoria de Comunica\u00e7\u00e3o &#8211; Dicom TJAL&nbsp;TL<\/strong><\/p>\n","protected":false},"excerpt":{"rendered":"<p>A Pra\u00e7a Deodoro, no centro de Macei\u00f3, ser\u00e1 palco de uma a\u00e7\u00e3o social do Poder Judici\u00e1rio de<\/p>\n","protected":false},"author":1,"featured_media":19479,"comment_status":"open","ping_status":"open","sticky":false,"template":"","format":"standard","meta":{"footnotes":""},"categories":[60],"tags":[],"class_list":["post-19478","post","type-post","status-publish","format-standard","has-post-thumbnail","hentry","category-capa"],"_links":{"self":[{"href":"https:\/\/4cantosalagoas.com.br\/portal\/wp-json\/wp\/v2\/posts\/19478","targetHints":{"allow":["GET"]}}],"collection":[{"href":"https:\/\/4cantosalagoas.com.br\/portal\/wp-json\/wp\/v2\/posts"}],"about":[{"href":"https:\/\/4cantosalagoas.com.br\/portal\/wp-json\/wp\/v2\/types\/post"}],"author":[{"embeddable":true,"href":"https:\/\/4cantosalagoas.com.br\/portal\/wp-json\/wp\/v2\/users\/1"}],"replies":[{"embeddable":true,"href":"https:\/\/4cantosalagoas.com.br\/portal\/wp-json\/wp\/v2\/comments?post=19478"}],"version-history":[{"count":1,"href":"https:\/\/4cantosalagoas.com.br\/portal\/wp-json\/wp\/v2\/posts\/19478\/revisions"}],"predecessor-version":[{"id":19480,"href":"https:\/\/4cantosalagoas.com.br\/portal\/wp-json\/wp\/v2\/posts\/19478\/revisions\/19480"}],"wp:featuredmedia":[{"embeddable":true,"href":"https:\/\/4cantosalagoas.com.br\/portal\/wp-json\/wp\/v2\/media\/19479"}],"wp:attachment":[{"href":"https:\/\/4cantosalagoas.com.br\/portal\/wp-json\/wp\/v2\/media?parent=19478"}],"wp:term":[{"taxonomy":"category","embeddable":true,"href":"https:\/\/4cantosalagoas.com.br\/portal\/wp-json\/wp\/v2\/categories?post=19478"},{"taxonomy":"post_tag","embeddable":true,"href":"https:\/\/4cantosalagoas.com.br\/portal\/wp-json\/wp\/v2\/tags?post=19478"}],"curies":[{"name":"wp","href":"https:\/\/api.w.org\/{rel}","templated":true}]}}