{"id":19469,"date":"2022-12-01T07:52:42","date_gmt":"2022-12-01T10:52:42","guid":{"rendered":"http:\/\/4cantosalagoas.com.br\/portal\/?p=19469"},"modified":"2022-12-01T07:52:43","modified_gmt":"2022-12-01T10:52:43","slug":"saude-inicia-acoes-da-campanha-dezembro-vermelho-nesta-quinta-feira-1o","status":"publish","type":"post","link":"https:\/\/4cantosalagoas.com.br\/portal\/saude-inicia-acoes-da-campanha-dezembro-vermelho-nesta-quinta-feira-1o\/","title":{"rendered":"Sa\u00fade inicia a\u00e7\u00f5es da campanha Dezembro Vermelho nesta quinta-feira (1\u00ba)"},"content":{"rendered":"\n<figure class=\"wp-block-image\"><img fetchpriority=\"high\" decoding=\"async\" width=\"351\" height=\"347\" src=\"http:\/\/4cantosalagoas.com.br\/portal\/wp-content\/uploads\/2022\/12\/9.jpg\" alt=\"\" class=\"wp-image-19470\" srcset=\"https:\/\/4cantosalagoas.com.br\/portal\/wp-content\/uploads\/2022\/12\/9.jpg 351w, https:\/\/4cantosalagoas.com.br\/portal\/wp-content\/uploads\/2022\/12\/9-300x297.jpg 300w\" sizes=\"(max-width: 351px) 100vw, 351px\" \/><figcaption>Reprodu\u00e7\u00e3o<\/figcaption><\/figure>\n\n\n\n<p>Com o prop\u00f3sito de promover a sensibiliza\u00e7\u00e3o e conscientiza\u00e7\u00e3o da popula\u00e7\u00e3o no m\u00eas de luta contra o v\u00edrus HIV, a Aids e outras Infec\u00e7\u00f5es Sexualmente Transmiss\u00edveis (ISTs), a Secretaria Municipal de Sa\u00fade de Macei\u00f3 (SMS) inicia, nesta quinta-feira (1\u00ba), as a\u00e7\u00f5es da campanha Dezembro Vermelho.&nbsp;Coordenada pela Ger\u00eancia de IST\/Aids e Hepatites Virais da SMS, a campanha marca uma s\u00e9rie de a\u00e7\u00f5es que ser\u00e3o intensificadas durante todo o m\u00eas, sendo alusivas ao Dia Mundial de Luta contra a Aids, celebrado no dia 1\u00ba de dezembro.<\/p>\n\n\n\n<p>Entre os diversos objetivos da campanha, o Dezembro Vermelho busca ressaltar a import\u00e2ncia da desconstru\u00e7\u00e3o do preconceito sobre pessoas que vivem com HIV\/Aids e a conscientiza\u00e7\u00e3o dos jovens sobre comportamentos seguros de preven\u00e7\u00e3o.<\/p>\n\n\n\n<p>\u201cO Dia Mundial de Luta contra a Aids refor\u00e7a a import\u00e2ncia de olharmos para esta data de forma respons\u00e1vel, enfrentando as desigualdades, tratando os diferentes com igualdade, priorizando e ampliando acesso aos servi\u00e7os de tratamento, testagem e preven\u00e7\u00e3o. \u00c9 importante ressaltar que \u00e9 preciso superar o preconceito, a estigma e a discrimina\u00e7\u00e3o vivenciados por pessoas com HIV e Aids, assegurando que as novas tecnologias possam ser acessadas por todas as pessoas e que possam ser atendidas de forma correta e respeitosa, independente de sua orienta\u00e7\u00e3o sexual, g\u00eanero, classe e ra\u00e7a\u201d, destaca a t\u00e9cnica da Ger\u00eancia de IST\/Aids e Hepatites Virais da SMS, Tereza Carvalho.<\/p>\n\n\n\n<p>Nesta quinta (1\u00ba), as atividades ser\u00e3o iniciadas com uma mobiliza\u00e7\u00e3o no Cal\u00e7ad\u00e3o do Com\u00e9rcio, a partir das 9h, onde ser\u00e3o ofertados 50 testes r\u00e1pidos para HIV, S\u00edfilis e Hepatites B e C, entrega de preservativos masculino e feminino, al\u00e9m de orienta\u00e7\u00f5es ao p\u00fablico e encaminhamentos para o Servi\u00e7o de Atendimento Especializado (SAE) do munic\u00edpio (Bloco I do PAM Salgadinho, Hospital Universit\u00e1rio ou Hospital de Doen\u00e7as Tropicais), em caso de resultados positivos. A a\u00e7\u00e3o acontece em parceria com o Sesc, F\u00f3rum ONG Aids e Conselho Municipal LGBTQIA +.<\/p>\n\n\n\n<p>J\u00e1 na sexta-feira (2) acontece uma audi\u00eancia p\u00fablica na C\u00e2mara de Vereadores, onde ser\u00e1 apresentada a import\u00e2ncia de investir na preven\u00e7\u00e3o do HIV. Tamb\u00e9m neste mesmo dia ocorrer\u00e1 uma a\u00e7\u00e3o educativa no CRAS Benedito Bentes.&nbsp;<\/p>\n\n\n\n<p>Os profissionais da Rede SUS Macei\u00f3 tamb\u00e9m ser\u00e3o capacitados no m\u00eas de luta contra a Aids. Na pr\u00f3xima segunda-feira (5), \u00e0s 13h30, no audit\u00f3rio da SMS, os profissionais participar\u00e3o de uma capacita\u00e7\u00e3o para atualiza\u00e7\u00e3o de preven\u00e7\u00e3o combinada e receber\u00e3o materiais did\u00e1ticos para a\u00e7\u00f5es educativas nas unidades de sa\u00fade.<\/p>\n\n\n\n<p>Na ter\u00e7a-feira (6), a equipe da Ger\u00eancia de IST\/Aids e Hepatites Virais realizar\u00e1 oficina sobre a import\u00e2ncia dos testes r\u00e1pidos e uma roda de conversa sobre preven\u00e7\u00e3o com estudantes da Liga de Ginecologia e Obstetr\u00edcia da Universidade Estadual de Ci\u00eancias da Sa\u00fade de Alagoas (Uncisal). As atividades acontecem na Uncisal, \u00e0s 19h, localizada no bairro do Trapiche da Barra.&nbsp;<\/p>\n\n\n\n<p>Durante todo o m\u00eas de dezembro, as equipes das Unidades B\u00e1sicas de Sa\u00fade e do N\u00facleo Ampliado de Sa\u00fade da Fam\u00edlia (Nasf) seguir\u00e3o intensificando as a\u00e7\u00f5es educativas da campanha junto \u00e0 comunidade nos seus territ\u00f3rios de atua\u00e7\u00e3o.<\/p>\n\n\n\n<p><strong>Dados&nbsp;<\/strong><\/p>\n\n\n\n<p>De acordo com dados do Sistema de Informa\u00e7\u00e3o de Agravos de Notifica\u00e7\u00e3o (Sinan Net), divulgados no \u00faltimo dia 22 de novembro, no ano de 2022 foram notificados 328 novos casos de HIV em Macei\u00f3, 146 de Aids em adultos e 1 caso de Aids em crian\u00e7a.<\/p>\n\n\n\n<p><strong>Dezembro Vermelho<\/strong><\/p>\n\n\n\n<p>A Campanha Dezembro Vermelho foi institu\u00edda no Brasil pela Lei n\u00ba 13.504\/2017 como forma de gerar mobiliza\u00e7\u00e3o nacional na luta contra o v\u00edrus HIV, a Aids e outras ISTs (Infec\u00e7\u00f5es Sexualmente Transmiss\u00edveis) e tem o objetivo de chamar a aten\u00e7\u00e3o para a preven\u00e7\u00e3o, a assist\u00eancia e a prote\u00e7\u00e3o dos direitos das pessoas infectadas com o HIV.<\/p>\n\n\n\n<p>O movimento tamb\u00e9m visa conscientizar a popula\u00e7\u00e3o \u00e0 respeito das ISTs, doen\u00e7as causadas por v\u00edrus, bact\u00e9rias ou outros microrganismos, transmitidas, principalmente, por meio do contato sexual (oral, vaginal, anal) sem o uso de preservativo masculino ou feminino, com uma pessoa que esteja infectada.<\/p>\n\n\n\n<p>Assessoria<\/p>\n","protected":false},"excerpt":{"rendered":"<p>Com o prop\u00f3sito de promover a sensibiliza\u00e7\u00e3o e conscientiza\u00e7\u00e3o da popula\u00e7\u00e3o no m\u00eas de luta contra o<\/p>\n","protected":false},"author":1,"featured_media":19470,"comment_status":"open","ping_status":"open","sticky":false,"template":"","format":"standard","meta":{"footnotes":""},"categories":[60],"tags":[],"class_list":["post-19469","post","type-post","status-publish","format-standard","has-post-thumbnail","hentry","category-capa"],"_links":{"self":[{"href":"https:\/\/4cantosalagoas.com.br\/portal\/wp-json\/wp\/v2\/posts\/19469","targetHints":{"allow":["GET"]}}],"collection":[{"href":"https:\/\/4cantosalagoas.com.br\/portal\/wp-json\/wp\/v2\/posts"}],"about":[{"href":"https:\/\/4cantosalagoas.com.br\/portal\/wp-json\/wp\/v2\/types\/post"}],"author":[{"embeddable":true,"href":"https:\/\/4cantosalagoas.com.br\/portal\/wp-json\/wp\/v2\/users\/1"}],"replies":[{"embeddable":true,"href":"https:\/\/4cantosalagoas.com.br\/portal\/wp-json\/wp\/v2\/comments?post=19469"}],"version-history":[{"count":1,"href":"https:\/\/4cantosalagoas.com.br\/portal\/wp-json\/wp\/v2\/posts\/19469\/revisions"}],"predecessor-version":[{"id":19471,"href":"https:\/\/4cantosalagoas.com.br\/portal\/wp-json\/wp\/v2\/posts\/19469\/revisions\/19471"}],"wp:featuredmedia":[{"embeddable":true,"href":"https:\/\/4cantosalagoas.com.br\/portal\/wp-json\/wp\/v2\/media\/19470"}],"wp:attachment":[{"href":"https:\/\/4cantosalagoas.com.br\/portal\/wp-json\/wp\/v2\/media?parent=19469"}],"wp:term":[{"taxonomy":"category","embeddable":true,"href":"https:\/\/4cantosalagoas.com.br\/portal\/wp-json\/wp\/v2\/categories?post=19469"},{"taxonomy":"post_tag","embeddable":true,"href":"https:\/\/4cantosalagoas.com.br\/portal\/wp-json\/wp\/v2\/tags?post=19469"}],"curies":[{"name":"wp","href":"https:\/\/api.w.org\/{rel}","templated":true}]}}