{"id":19426,"date":"2022-11-25T14:41:19","date_gmt":"2022-11-25T17:41:19","guid":{"rendered":"http:\/\/4cantosalagoas.com.br\/portal\/?p=19426"},"modified":"2022-11-27T05:54:12","modified_gmt":"2022-11-27T08:54:12","slug":"conciliacao-estado-concorda-com-permanencia-da-arvore-de-natal-no-marco-dos-corais","status":"publish","type":"post","link":"https:\/\/4cantosalagoas.com.br\/portal\/conciliacao-estado-concorda-com-permanencia-da-arvore-de-natal-no-marco-dos-corais\/","title":{"rendered":"Concilia\u00e7\u00e3o: Estado concorda com perman\u00eancia da \u00e1rvore de natal no Marco dos Corais"},"content":{"rendered":"\n<figure class=\"wp-block-image\"><img fetchpriority=\"high\" decoding=\"async\" width=\"1280\" height=\"859\" src=\"https:\/\/i2.wp.com\/4cantosalagoas.com.br\/portal\/wp-content\/uploads\/2022\/11\/42ed3d8787d66b5b904aac9a2db9aa7d.jpg?fit=1024%2C687\" alt=\"\" class=\"wp-image-19427\" srcset=\"https:\/\/4cantosalagoas.com.br\/portal\/wp-content\/uploads\/2022\/11\/42ed3d8787d66b5b904aac9a2db9aa7d.jpg 1280w, https:\/\/4cantosalagoas.com.br\/portal\/wp-content\/uploads\/2022\/11\/42ed3d8787d66b5b904aac9a2db9aa7d-300x201.jpg 300w, https:\/\/4cantosalagoas.com.br\/portal\/wp-content\/uploads\/2022\/11\/42ed3d8787d66b5b904aac9a2db9aa7d-768x515.jpg 768w, https:\/\/4cantosalagoas.com.br\/portal\/wp-content\/uploads\/2022\/11\/42ed3d8787d66b5b904aac9a2db9aa7d-1024x687.jpg 1024w\" sizes=\"(max-width: 1280px) 100vw, 1280px\" \/><figcaption> <br>Juiz Manoel Cavalcante, ao centro, conduz audi\u00eancia com Prefeitura e Estado. <\/figcaption><\/figure>\n\n\n\n<p>Em audi\u00eancia de concilia\u00e7\u00e3o na 18\u00aa Vara C\u00edvel da Capital, representantes do Estado de Alagoas concordaram que a \u00e1rvore de natal que est\u00e1 sendo montada pela Prefeitura de Macei\u00f3 no Marco dos Corais pode permanecer no local. A audi\u00eancia foi conduzida, nesta sexta-feira (25), pelo juiz Manoel Cavalcante de Lima Neto, titular da unidade.<\/p>\n\n\n\n<p>J\u00e1 o t\u00fanel iluminado, que tamb\u00e9m faz parte da estrutura planejada pelo Munic\u00edpio, ainda ser\u00e1 objeto de discuss\u00e3o em uma continua\u00e7\u00e3o da audi\u00eancia, marcada para a pr\u00f3xima sexta (2).<\/p>\n\n\n\n<p>\u201cA discuss\u00e3o central que o Estado prop\u00f4s \u00e9 se a estrutura tinha capacidade de sustentar a \u00e1rvore que est\u00e1 l\u00e1 edificada\u201d, explica o juiz Manoel Cavalcante. \u201cMas houve o depoimento do engenheiro que fez um laudo demonstrando que n\u00e3o h\u00e1 risco\u201d, complementou.<\/p>\n\n\n\n<p>Com rela\u00e7\u00e3o ao t\u00fanel, o Estado aponta que a estrutura poderia prejudicar a rota de fuga das pessoas, na eventualidade de ocorrer algum incidente no local. \u201cH\u00e1 uma disposi\u00e7\u00e3o do Munic\u00edpio em reduzir o t\u00fanel e tamb\u00e9m colocar um espa\u00e7o maior na lateral que possa permitir uma circula\u00e7\u00e3o mais segura\u201d, relatou o magistrado.<\/p>\n\n\n\n<p>O subprocurador geral do Estado Evandro Pires ressaltou que o ente estatal est\u00e1 buscando uma solu\u00e7\u00e3o que atenda aos interesses da sociedade e n\u00e3o comprometa a seguran\u00e7a do local.<\/p>\n\n\n\n<p>\u201cFicando demonstrado que o empreendimento \u00e9 adequado, o Estado n\u00e3o tem nada a opor. A audi\u00eancia foi bastante interessante, a gente conseguiu avan\u00e7ar em v\u00e1rios pontos e acredito que na pr\u00f3xima semana a gente vai chegar num bom termo e encerrar essa quest\u00e3o\u201d, declarou Evandro Pires.<\/p>\n\n\n\n<p>O procurador geral do Munic\u00edpio, Jo\u00e3o Lobo, frisou que a estrutura \u00e9 muito importante para fomentar o turismo em Macei\u00f3.<\/p>\n\n\n\n<p>\u201cChegamos a um entendimento sobre a manuten\u00e7\u00e3o da \u00e1rvore, que \u00e9 um equipamento muito importante para o turismo. O Munic\u00edpio se comprometeu em corrigir qualquer eventual dano ali em termos de piso, ou qualquer outro dano, que \u00e9 um compromisso natural, assim como tamb\u00e9m fazer o controle de acesso da popula\u00e7\u00e3o no local\u201d. explicou Jo\u00e3o Lobo.<\/p>\n\n\n\n<p>Na continua\u00e7\u00e3o da audi\u00eancia, na pr\u00f3xima sexta-feira, o Munic\u00edpio e o Estado apresentar\u00e3o estudos espec\u00edficos de seguran\u00e7a com rela\u00e7\u00e3o ao t\u00fanel.<\/p>\n\n\n\n<p><em>Mat\u00e9ria referente ao processo n\u00ba&nbsp;<a href=\"https:\/\/www2.tjal.jus.br\/cpopg\/show.do?processo.codigo=01001E84B0000&amp;processo.foro=1&amp;processo.numero=0741046-25.2022.8.02.0001\" target=\"_blank\" rel=\"noreferrer noopener\">0741046-25.2022.8.02.0001<\/a><\/em><\/p>\n\n\n\n<p><strong>Diretoria de Comunica\u00e7\u00e3o &#8211; Dicom TJAL&nbsp;&#8211; IN<\/strong><\/p>\n","protected":false},"excerpt":{"rendered":"<p>Em audi\u00eancia de concilia\u00e7\u00e3o na 18\u00aa Vara C\u00edvel da Capital, representantes do Estado de Alagoas concordaram que<\/p>\n","protected":false},"author":1,"featured_media":19427,"comment_status":"open","ping_status":"open","sticky":false,"template":"","format":"standard","meta":{"footnotes":""},"categories":[60],"tags":[],"class_list":["post-19426","post","type-post","status-publish","format-standard","has-post-thumbnail","hentry","category-capa"],"_links":{"self":[{"href":"https:\/\/4cantosalagoas.com.br\/portal\/wp-json\/wp\/v2\/posts\/19426","targetHints":{"allow":["GET"]}}],"collection":[{"href":"https:\/\/4cantosalagoas.com.br\/portal\/wp-json\/wp\/v2\/posts"}],"about":[{"href":"https:\/\/4cantosalagoas.com.br\/portal\/wp-json\/wp\/v2\/types\/post"}],"author":[{"embeddable":true,"href":"https:\/\/4cantosalagoas.com.br\/portal\/wp-json\/wp\/v2\/users\/1"}],"replies":[{"embeddable":true,"href":"https:\/\/4cantosalagoas.com.br\/portal\/wp-json\/wp\/v2\/comments?post=19426"}],"version-history":[{"count":1,"href":"https:\/\/4cantosalagoas.com.br\/portal\/wp-json\/wp\/v2\/posts\/19426\/revisions"}],"predecessor-version":[{"id":19428,"href":"https:\/\/4cantosalagoas.com.br\/portal\/wp-json\/wp\/v2\/posts\/19426\/revisions\/19428"}],"wp:featuredmedia":[{"embeddable":true,"href":"https:\/\/4cantosalagoas.com.br\/portal\/wp-json\/wp\/v2\/media\/19427"}],"wp:attachment":[{"href":"https:\/\/4cantosalagoas.com.br\/portal\/wp-json\/wp\/v2\/media?parent=19426"}],"wp:term":[{"taxonomy":"category","embeddable":true,"href":"https:\/\/4cantosalagoas.com.br\/portal\/wp-json\/wp\/v2\/categories?post=19426"},{"taxonomy":"post_tag","embeddable":true,"href":"https:\/\/4cantosalagoas.com.br\/portal\/wp-json\/wp\/v2\/tags?post=19426"}],"curies":[{"name":"wp","href":"https:\/\/api.w.org\/{rel}","templated":true}]}}