{"id":19420,"date":"2022-11-27T05:37:12","date_gmt":"2022-11-27T08:37:12","guid":{"rendered":"http:\/\/4cantosalagoas.com.br\/portal\/?p=19420"},"modified":"2022-11-27T05:37:14","modified_gmt":"2022-11-27T08:37:14","slug":"saiba-como-conseguir-o-alvara-de-evento-para-as-festas-de-final-de-ano","status":"publish","type":"post","link":"https:\/\/4cantosalagoas.com.br\/portal\/saiba-como-conseguir-o-alvara-de-evento-para-as-festas-de-final-de-ano\/","title":{"rendered":"Saiba como conseguir o alvar\u00e1 de evento para as festas de final de ano"},"content":{"rendered":"\n<figure class=\"wp-block-image\"><img fetchpriority=\"high\" decoding=\"async\" width=\"850\" height=\"560\" src=\"http:\/\/4cantosalagoas.com.br\/portal\/wp-content\/uploads\/2022\/11\/Holyshot-NemVem-2022-Favoritas-14.jpg\" alt=\"\" class=\"wp-image-19421\" srcset=\"https:\/\/4cantosalagoas.com.br\/portal\/wp-content\/uploads\/2022\/11\/Holyshot-NemVem-2022-Favoritas-14.jpg 850w, https:\/\/4cantosalagoas.com.br\/portal\/wp-content\/uploads\/2022\/11\/Holyshot-NemVem-2022-Favoritas-14-300x198.jpg 300w, https:\/\/4cantosalagoas.com.br\/portal\/wp-content\/uploads\/2022\/11\/Holyshot-NemVem-2022-Favoritas-14-768x506.jpg 768w\" sizes=\"(max-width: 850px) 100vw, 850px\" \/><figcaption> <br><em>Festas p\u00fablica e privadas precisam solicitar alvar\u00e1 na Semscs. Foto: NemVem Produ\u00e7\u00f5es<\/em> <\/figcaption><\/figure>\n\n\n\n<p>Dezembro vai chegando e com ele as festas de final de ano. Mas voc\u00ea sabia que para realizar um evento \u00e9 preciso de licenciamento emitido pela Secretaria Municipal de Seguran\u00e7a Comunit\u00e1ria e Conv\u00edvio Social? Essa autoriza\u00e7\u00e3o \u00e9 necess\u00e1ria tanto para os eventos em espa\u00e7os p\u00fablicos como nas \u00e1reas privadas, \u00e9 com o alvar\u00e1 que estar\u00e1 assegurada a seguran\u00e7a dos participantes do evento.<\/p>\n\n\n\n<p>Isso porque, quando os fiscais de posturas forem analisar as especifica\u00e7\u00f5es que constam na solicita\u00e7\u00e3o feita pelo respons\u00e1vel poder\u00e3o pedir que conste o Auto de Vistoria do Corpo de Bombeiros Militar de Alagoas; que a Pol\u00edcia Militar seja informada sobre a realiza\u00e7\u00e3o do evento; caso haja a necessidade de fechamento de vias a SMTT dever\u00e1 ser consultada, al\u00e9m de cobrar que exista um respons\u00e1vel t\u00e9cnico para as estruturas que ser\u00e3o montadas, entre outros pontos que s\u00e3o analisados.<\/p>\n\n\n\n<p>Para dar in\u00edcio ao processo de solicita\u00e7\u00e3o do documento, o respons\u00e1vel pelo evento precisa se dirigir ao pr\u00e9dio da Semscs, localizado na rua Alexandre Passos, no Jaragu\u00e1, das 08h \u00e0s 14h, e abrir um processo junto ao setor de protocolo que ir\u00e1 direcionar \u00e0 Coordena\u00e7\u00e3o de An\u00e1lise e Licenciamento de Evento, Publicidade e Utiliza\u00e7\u00e3o Sonora (CALPS).<\/p>\n\n\n\n<figure class=\"wp-block-image\"><a href=\"https:\/\/maceioalgovbr.dhost.cloud\/uploads\/imagens\/sec_2022-01-27-175212_elho.jpeg\"><img decoding=\"async\" src=\"https:\/\/maceioalgovbr.dhost.cloud\/uploads\/imagens\/_845xAUTO_crop_center-center_none\/sec_2022-01-27-175212_elho.jpeg\" alt=\"Solicita\u00e7\u00f5es devem ser feitas no pr\u00e9dio da Semscs de segunda a sexta-feira, das 08h \u00e0s 14h. Foto: Arquivo Semscs\"\/><\/a><figcaption>Solicita\u00e7\u00f5es devem ser feitas no pr\u00e9dio da Semscs de segunda a sexta-feira, das 08h \u00e0s 14h. Foto: Arquivo Semscs<\/figcaption><\/figure>\n\n\n\n<p>A coordenadora da CALPS, Ana Macedo, explica que para dar entrada no processo \u00e9 necess\u00e1rio que seja com 30 dias de anteced\u00eancia ao evento e \u00e9 preciso levar alguns documentos iniciais como RG, CPF, comprovante de resid\u00eancia do respons\u00e1vel, CNPJ, para o caso de empresas.<\/p>\n\n\n\n<p>\u201cJunto com os documentos pessoais, tamb\u00e9m \u00e9 necess\u00e1rio anexar um projeto de como ser\u00e1 a estrutura do evento, al\u00e9m de informar data, hor\u00e1rio de in\u00edcio e t\u00e9rmino, quantidade estimada de p\u00fablico, a \u00e1rea que ser\u00e1 utilizada. Com essas informa\u00e7\u00f5es b\u00e1sicas, encaminhamos o processo para o setor de fiscaliza\u00e7\u00e3o, onde um agente ser\u00e1 encaminhado para fazer uma vistoria e solicitar os documentos complementares\u201d, disse Ana Macedo.<\/p>\n\n\n\n<p>Estando todos os documentos em acordo com o que a Semscs solicitou, s\u00e3o emitidas as taxas seguindo o c\u00f3digo tribut\u00e1rio do munic\u00edpio de Macei\u00f3 e logo ap\u00f3s o alvar\u00e1 de eventos \u00e9 liberado.<\/p>\n\n\n\n<p>Para Carlos Guido, secret\u00e1rio municipal de Seguran\u00e7a Comunit\u00e1ria e Conv\u00edvio Social, o processo desenvolvido pela Semscs serve para garantir a seguran\u00e7a de todos os participantes do evento, quer seja o p\u00fablico ou os profissionais que ir\u00e3o trabalhar.<\/p>\n\n\n\n<p>\u201cPedimos sempre que os respons\u00e1veis pelos eventos venham com no m\u00ednimo 30 dias de anteced\u00eancia para a an\u00e1lise do processo seja feita da melhor forma poss\u00edvel e para que se tenha tempo h\u00e1bil, em conseguir as documenta\u00e7\u00f5es complementares, e dessa forma ter um evento seguro e tranquilo para todos os envolvidos\u201d, afirmou Carlos Guido.<\/p>\n\n\n\n<p><strong>Antecipa\u00e7\u00e3o<\/strong><\/p>\n\n\n\n<p>Sabendo que \u00e9 preciso abrir o processo na Semscs com 30 dias antes da data de realiza\u00e7\u00e3o do evento, Layla Ferro se organizou e solicitou o alvar\u00e1 para a realiza\u00e7\u00e3o da festa de R\u00e9veillon Nem Vem logo no in\u00edcio desse m\u00eas de novembro. A Nem Vem Produ\u00e7\u00f5es come\u00e7ou a realizar eventos desde o ano de 2013 e est\u00e1 em sua 9\u00aa edi\u00e7\u00e3o, e para a diretora executiva da empresa, a pr\u00e9via solicita\u00e7\u00e3o do alvar\u00e1 faz parte da organiza\u00e7\u00e3o e planejamento, o que acaba evitando que imprevistos aconte\u00e7am.<\/p>\n\n\n\n<figure class=\"wp-block-image\"><a href=\"https:\/\/maceioalgovbr.dhost.cloud\/uploads\/imagens\/Holyshot-NemVem-2022-Alta-resolucao-247.jpg\"><img decoding=\"async\" src=\"https:\/\/maceioalgovbr.dhost.cloud\/uploads\/imagens\/_845xAUTO_crop_center-center_none\/Holyshot-NemVem-2022-Alta-resolucao-247.jpg\" alt=\"Layla Ferro, diretora executiva da Nem Vem Produ\u00e7\u00f5es, sabe da responsabilidade em produzir um evento para milhares de pessoas. Foto: Nem Vem Produ\u00e7\u00f5es\"\/><\/a><figcaption>Layla Ferro, diretora executiva da Nem Vem Produ\u00e7\u00f5es, sabe da responsabilidade em produzir um evento para milhares de pessoas. Foto: Nem Vem Produ\u00e7\u00f5es<\/figcaption><\/figure>\n\n\n\n<p>\u201cTrabalhar com eventos n\u00e3o \u00e9 brincadeira ou s\u00f3 divers\u00e3o, como muitos pensam, pelo contr\u00e1rio, exige um grau de responsabilidade e organiza\u00e7\u00e3o tremendo, uma vez que lidamos diretamente com a vida de milhares de pessoas. Ent\u00e3o \u00e9 extremamente importante que a prefeitura de Macei\u00f3 fa\u00e7a, indistintamente, fiscaliza\u00e7\u00f5es constantes em casas de shows e eventos privados e p\u00fablicos, exigindo as documenta\u00e7\u00f5es necess\u00e1rias para que aconte\u00e7am de maneira pac\u00edfica e segura para todos os envolvidos\u201d, refor\u00e7ou Layla Ferro.<\/p>\n\n\n\n<p>Al\u00e9m da Nem Vem Produ\u00e7\u00f5es, outros representantes deram entrada no processo de licenciamento tanto para eventos de r\u00e9veillon como para festas natalinas.<\/p>\n\n\n\n<p>Assessoria<\/p>\n","protected":false},"excerpt":{"rendered":"<p>Dezembro vai chegando e com ele as festas de final de ano. Mas voc\u00ea sabia que para<\/p>\n","protected":false},"author":1,"featured_media":19421,"comment_status":"open","ping_status":"open","sticky":false,"template":"","format":"standard","meta":{"footnotes":""},"categories":[60],"tags":[],"class_list":["post-19420","post","type-post","status-publish","format-standard","has-post-thumbnail","hentry","category-capa"],"_links":{"self":[{"href":"https:\/\/4cantosalagoas.com.br\/portal\/wp-json\/wp\/v2\/posts\/19420","targetHints":{"allow":["GET"]}}],"collection":[{"href":"https:\/\/4cantosalagoas.com.br\/portal\/wp-json\/wp\/v2\/posts"}],"about":[{"href":"https:\/\/4cantosalagoas.com.br\/portal\/wp-json\/wp\/v2\/types\/post"}],"author":[{"embeddable":true,"href":"https:\/\/4cantosalagoas.com.br\/portal\/wp-json\/wp\/v2\/users\/1"}],"replies":[{"embeddable":true,"href":"https:\/\/4cantosalagoas.com.br\/portal\/wp-json\/wp\/v2\/comments?post=19420"}],"version-history":[{"count":1,"href":"https:\/\/4cantosalagoas.com.br\/portal\/wp-json\/wp\/v2\/posts\/19420\/revisions"}],"predecessor-version":[{"id":19422,"href":"https:\/\/4cantosalagoas.com.br\/portal\/wp-json\/wp\/v2\/posts\/19420\/revisions\/19422"}],"wp:featuredmedia":[{"embeddable":true,"href":"https:\/\/4cantosalagoas.com.br\/portal\/wp-json\/wp\/v2\/media\/19421"}],"wp:attachment":[{"href":"https:\/\/4cantosalagoas.com.br\/portal\/wp-json\/wp\/v2\/media?parent=19420"}],"wp:term":[{"taxonomy":"category","embeddable":true,"href":"https:\/\/4cantosalagoas.com.br\/portal\/wp-json\/wp\/v2\/categories?post=19420"},{"taxonomy":"post_tag","embeddable":true,"href":"https:\/\/4cantosalagoas.com.br\/portal\/wp-json\/wp\/v2\/tags?post=19420"}],"curies":[{"name":"wp","href":"https:\/\/api.w.org\/{rel}","templated":true}]}}