{"id":19333,"date":"2022-11-11T07:40:38","date_gmt":"2022-11-11T10:40:38","guid":{"rendered":"http:\/\/4cantosalagoas.com.br\/portal\/?p=19333"},"modified":"2022-11-11T07:40:40","modified_gmt":"2022-11-11T10:40:40","slug":"fmac-faz-chamamento-para-cadastro-de-artistas-visuais-de-maceio","status":"publish","type":"post","link":"https:\/\/4cantosalagoas.com.br\/portal\/fmac-faz-chamamento-para-cadastro-de-artistas-visuais-de-maceio\/","title":{"rendered":"FMAC faz chamamento para cadastro de artistas visuais de Macei\u00f3"},"content":{"rendered":"\n<figure class=\"wp-block-image\"><img fetchpriority=\"high\" decoding=\"async\" width=\"850\" height=\"560\" src=\"http:\/\/4cantosalagoas.com.br\/portal\/wp-content\/uploads\/2022\/11\/06-10-22-DEPOIS-Pintura-Mural-Sa-e-Albuquerque-Jaragua-Yara-Pao-Foto-Maivan-Fernandez-1.jpg\" alt=\"\" class=\"wp-image-19334\" srcset=\"https:\/\/4cantosalagoas.com.br\/portal\/wp-content\/uploads\/2022\/11\/06-10-22-DEPOIS-Pintura-Mural-Sa-e-Albuquerque-Jaragua-Yara-Pao-Foto-Maivan-Fernandez-1.jpg 850w, https:\/\/4cantosalagoas.com.br\/portal\/wp-content\/uploads\/2022\/11\/06-10-22-DEPOIS-Pintura-Mural-Sa-e-Albuquerque-Jaragua-Yara-Pao-Foto-Maivan-Fernandez-1-300x198.jpg 300w, https:\/\/4cantosalagoas.com.br\/portal\/wp-content\/uploads\/2022\/11\/06-10-22-DEPOIS-Pintura-Mural-Sa-e-Albuquerque-Jaragua-Yara-Pao-Foto-Maivan-Fernandez-1-768x506.jpg 768w\" sizes=\"(max-width: 850px) 100vw, 850px\" \/><figcaption> <br><em>Mural na Rua S\u00e1 e Albuquerque, no bairro de Jaragu\u00e1, da artista Yara P\u00e3o. Foto: Maivan Fernandez \/ Secom Macei\u00f3<\/em> <\/figcaption><\/figure>\n\n\n\n<p>A Funda\u00e7\u00e3o Municipal de A\u00e7\u00e3o Cultural (FMAC) divulgou no&nbsp;<a href=\"https:\/\/www.diariomunicipal.com.br\/maceio\/\">Di\u00e1rio Oficial<\/a>&nbsp;do Munic\u00edpio, nesta quinta-feira (10), o chamamento de artistas visuais para credenciamento que visa cumprir a Lei Municipal n\u00ba 6.433\/2015, que exige a coloca\u00e7\u00e3o de obras de artes visuais nas pra\u00e7as e edifica\u00e7\u00f5es p\u00fablicas e privadas do Munic\u00edpio, a partir de 1000 m\u00b2.<\/p>\n\n\n\n<p>Um dos pr\u00e9-requisitos para o cadastro, \u00e9 que os artistas comprovem a naturalidade alagoana ou resid\u00eancia h\u00e1 tr\u00eas anos no estado, al\u00e9m de experi\u00eancia em artes visuais. A partir do cadastro, os artistas estar\u00e3o dispon\u00edveis para serem contratados por empresas que pretendam construir pr\u00e9dios na cidade.<\/p>\n\n\n\n<p>O credenciamento tem car\u00e1ter permanente e ficar\u00e1 dispon\u00edvel para o p\u00fablico durante toda a gest\u00e3o municipal, sendo atualizado a cada 12 meses pela Funda\u00e7\u00e3o. Para participar do projeto \u00e9 necess\u00e1rio preencher o formul\u00e1rio que est\u00e1 dispon\u00edvel no site da FMAC, na aba Observat\u00f3rio de Editais, clicando&nbsp;<a href=\"https:\/\/maceio.al.gov.br\/secretarias-e-orgaos\/fmac\" target=\"_blank\" rel=\"noreferrer noopener\">aqui.<\/a><\/p>\n\n\n\n<p>A lei mostra a import\u00e2ncia para a economia criativa, apresentando mais trabalhos para os artistas. &#8220;\u00c9 um grande incentivo para que a popula\u00e7\u00e3o possa apreciar e tenha mais acesso a arte. Temos um n\u00famero significativo de artistas visuais na cidade e a execu\u00e7\u00e3o desse projeto faz com que eles produzam bens simb\u00f3licos para todos. J\u00e1 a nossa vida cotidiana, no meio da correria do dia a dia, ganha mais cores com essas obras&#8221;, acrescenta Jo\u00e3o Lyra, presidente da FMAC.<\/p>\n\n\n\n<p>Assessoria<\/p>\n","protected":false},"excerpt":{"rendered":"<p>A Funda\u00e7\u00e3o Municipal de A\u00e7\u00e3o Cultural (FMAC) divulgou no&nbsp;Di\u00e1rio Oficial&nbsp;do Munic\u00edpio, nesta quinta-feira (10), o chamamento de<\/p>\n","protected":false},"author":1,"featured_media":19334,"comment_status":"open","ping_status":"open","sticky":false,"template":"","format":"standard","meta":{"footnotes":""},"categories":[5],"tags":[],"class_list":["post-19333","post","type-post","status-publish","format-standard","has-post-thumbnail","hentry","category-maceio"],"_links":{"self":[{"href":"https:\/\/4cantosalagoas.com.br\/portal\/wp-json\/wp\/v2\/posts\/19333","targetHints":{"allow":["GET"]}}],"collection":[{"href":"https:\/\/4cantosalagoas.com.br\/portal\/wp-json\/wp\/v2\/posts"}],"about":[{"href":"https:\/\/4cantosalagoas.com.br\/portal\/wp-json\/wp\/v2\/types\/post"}],"author":[{"embeddable":true,"href":"https:\/\/4cantosalagoas.com.br\/portal\/wp-json\/wp\/v2\/users\/1"}],"replies":[{"embeddable":true,"href":"https:\/\/4cantosalagoas.com.br\/portal\/wp-json\/wp\/v2\/comments?post=19333"}],"version-history":[{"count":1,"href":"https:\/\/4cantosalagoas.com.br\/portal\/wp-json\/wp\/v2\/posts\/19333\/revisions"}],"predecessor-version":[{"id":19335,"href":"https:\/\/4cantosalagoas.com.br\/portal\/wp-json\/wp\/v2\/posts\/19333\/revisions\/19335"}],"wp:featuredmedia":[{"embeddable":true,"href":"https:\/\/4cantosalagoas.com.br\/portal\/wp-json\/wp\/v2\/media\/19334"}],"wp:attachment":[{"href":"https:\/\/4cantosalagoas.com.br\/portal\/wp-json\/wp\/v2\/media?parent=19333"}],"wp:term":[{"taxonomy":"category","embeddable":true,"href":"https:\/\/4cantosalagoas.com.br\/portal\/wp-json\/wp\/v2\/categories?post=19333"},{"taxonomy":"post_tag","embeddable":true,"href":"https:\/\/4cantosalagoas.com.br\/portal\/wp-json\/wp\/v2\/tags?post=19333"}],"curies":[{"name":"wp","href":"https:\/\/api.w.org\/{rel}","templated":true}]}}