{"id":19250,"date":"2022-10-29T07:07:46","date_gmt":"2022-10-29T10:07:46","guid":{"rendered":"http:\/\/4cantosalagoas.com.br\/portal\/?p=19250"},"modified":"2022-10-29T07:07:56","modified_gmt":"2022-10-29T10:07:56","slug":"confira-o-horario-de-funcionamento-dos-mercados-e-feiras-no-domingo-30","status":"publish","type":"post","link":"https:\/\/4cantosalagoas.com.br\/portal\/confira-o-horario-de-funcionamento-dos-mercados-e-feiras-no-domingo-30\/","title":{"rendered":"Confira o hor\u00e1rio de funcionamento dos mercados e feiras no domingo (30)"},"content":{"rendered":"\n<figure class=\"wp-block-image\"><img fetchpriority=\"high\" decoding=\"async\" width=\"850\" height=\"560\" src=\"http:\/\/4cantosalagoas.com.br\/portal\/wp-content\/uploads\/2022\/10\/14-10-22-Visita-Feira-Livre-Benedito-Bentes-SEMTABES-Foto-Alisson-Frazao-013.jpg\" alt=\"\" class=\"wp-image-19251\" srcset=\"https:\/\/4cantosalagoas.com.br\/portal\/wp-content\/uploads\/2022\/10\/14-10-22-Visita-Feira-Livre-Benedito-Bentes-SEMTABES-Foto-Alisson-Frazao-013.jpg 850w, https:\/\/4cantosalagoas.com.br\/portal\/wp-content\/uploads\/2022\/10\/14-10-22-Visita-Feira-Livre-Benedito-Bentes-SEMTABES-Foto-Alisson-Frazao-013-300x198.jpg 300w, https:\/\/4cantosalagoas.com.br\/portal\/wp-content\/uploads\/2022\/10\/14-10-22-Visita-Feira-Livre-Benedito-Bentes-SEMTABES-Foto-Alisson-Frazao-013-768x506.jpg 768w\" sizes=\"(max-width: 850px) 100vw, 850px\" \/><figcaption> <br><em>Mercados p\u00fablicos e feiras livres ter\u00e3o hor\u00e1rio de funcionamento reduzido devido ao 2\u00ba turno das elei\u00e7\u00f5es (Foto: Alisson Fraz\u00e3o\/Secom Macei\u00f3)<\/em> <\/figcaption><\/figure>\n\n\n\n<p>Devido ao segundo turno das Elei\u00e7\u00f5es Gerais os mercados, feiras livres e Centro Pesqueiro ter\u00e3o hor\u00e1rio reduzido no domingo (30).<\/p>\n\n\n\n<p>Apenas os mercados p\u00fablicos do Artesanato, localizado no bairro da Levada, e do Caet\u00e9s, localizado no bairro do Benedito Bentes, estar\u00e3o fechados ao p\u00fablico neste domingo. &nbsp;<\/p>\n\n\n\n<p><strong>Confira:<\/strong><\/p>\n\n\n\n<p><strong>Mercado do Artesanato:<\/strong>&nbsp;FECHADO<\/p>\n\n\n\n<p><strong>Mercado do Caet\u00e9s:&nbsp;<\/strong>FECHADO<\/p>\n\n\n\n<p><strong>Centro Pesqueiro:&nbsp;<\/strong>6h \u00e0s 13h<\/p>\n\n\n\n<p><strong>Mercado da Produ\u00e7\u00e3o:&nbsp;<\/strong>5h \u00e0s 13h<\/p>\n\n\n\n<p><strong>Mercado do Jaragu\u00e1:&nbsp;<\/strong>das 6h \u00e0s 13h<\/p>\n\n\n\n<p><strong>Mercado e feira Benedito Bentes:&nbsp;<\/strong>das 5h \u00e0s 13h<\/p>\n\n\n\n<p><strong>Mercado e feira do Jacintinho:&nbsp;<\/strong>5h \u00e0s 13h<\/p>\n\n\n\n<p><strong>Mercado e feira do Tabuleiro:&nbsp;<\/strong>5h \u00e0s 13h<\/p>\n\n\n\n<p><strong>Feira da Jati\u00faca:\u00a0<\/strong>7h \u00e0s 12h\u00a0<\/p>\n\n\n\n<p>Assessoria<\/p>\n","protected":false},"excerpt":{"rendered":"<p>Devido ao segundo turno das Elei\u00e7\u00f5es Gerais os mercados, feiras livres e Centro Pesqueiro ter\u00e3o hor\u00e1rio reduzido<\/p>\n","protected":false},"author":1,"featured_media":19251,"comment_status":"open","ping_status":"open","sticky":false,"template":"","format":"standard","meta":{"footnotes":""},"categories":[60],"tags":[],"class_list":["post-19250","post","type-post","status-publish","format-standard","has-post-thumbnail","hentry","category-capa"],"_links":{"self":[{"href":"https:\/\/4cantosalagoas.com.br\/portal\/wp-json\/wp\/v2\/posts\/19250","targetHints":{"allow":["GET"]}}],"collection":[{"href":"https:\/\/4cantosalagoas.com.br\/portal\/wp-json\/wp\/v2\/posts"}],"about":[{"href":"https:\/\/4cantosalagoas.com.br\/portal\/wp-json\/wp\/v2\/types\/post"}],"author":[{"embeddable":true,"href":"https:\/\/4cantosalagoas.com.br\/portal\/wp-json\/wp\/v2\/users\/1"}],"replies":[{"embeddable":true,"href":"https:\/\/4cantosalagoas.com.br\/portal\/wp-json\/wp\/v2\/comments?post=19250"}],"version-history":[{"count":1,"href":"https:\/\/4cantosalagoas.com.br\/portal\/wp-json\/wp\/v2\/posts\/19250\/revisions"}],"predecessor-version":[{"id":19252,"href":"https:\/\/4cantosalagoas.com.br\/portal\/wp-json\/wp\/v2\/posts\/19250\/revisions\/19252"}],"wp:featuredmedia":[{"embeddable":true,"href":"https:\/\/4cantosalagoas.com.br\/portal\/wp-json\/wp\/v2\/media\/19251"}],"wp:attachment":[{"href":"https:\/\/4cantosalagoas.com.br\/portal\/wp-json\/wp\/v2\/media?parent=19250"}],"wp:term":[{"taxonomy":"category","embeddable":true,"href":"https:\/\/4cantosalagoas.com.br\/portal\/wp-json\/wp\/v2\/categories?post=19250"},{"taxonomy":"post_tag","embeddable":true,"href":"https:\/\/4cantosalagoas.com.br\/portal\/wp-json\/wp\/v2\/tags?post=19250"}],"curies":[{"name":"wp","href":"https:\/\/api.w.org\/{rel}","templated":true}]}}