{"id":19241,"date":"2022-10-28T07:04:16","date_gmt":"2022-10-28T10:04:16","guid":{"rendered":"http:\/\/4cantosalagoas.com.br\/portal\/?p=19241"},"modified":"2022-10-28T07:04:17","modified_gmt":"2022-10-28T10:04:17","slug":"campanha-de-vacinacao-contra-a-poliomielite-encerra-na-proxima-segunda-feira-31","status":"publish","type":"post","link":"https:\/\/4cantosalagoas.com.br\/portal\/campanha-de-vacinacao-contra-a-poliomielite-encerra-na-proxima-segunda-feira-31\/","title":{"rendered":"Campanha de vacina\u00e7\u00e3o contra a poliomielite encerra na pr\u00f3xima segunda-feira (31)"},"content":{"rendered":"\n<figure class=\"wp-block-image\"><img fetchpriority=\"high\" decoding=\"async\" width=\"850\" height=\"560\" src=\"http:\/\/4cantosalagoas.com.br\/portal\/wp-content\/uploads\/2022\/10\/a17.jpeg\" alt=\"\" class=\"wp-image-19242\" srcset=\"https:\/\/4cantosalagoas.com.br\/portal\/wp-content\/uploads\/2022\/10\/a17.jpeg 850w, https:\/\/4cantosalagoas.com.br\/portal\/wp-content\/uploads\/2022\/10\/a17-300x198.jpeg 300w, https:\/\/4cantosalagoas.com.br\/portal\/wp-content\/uploads\/2022\/10\/a17-768x506.jpeg 768w\" sizes=\"(max-width: 850px) 100vw, 850px\" \/><figcaption> <br><em>A campanha pretende alcan\u00e7ar 95% do p\u00fablico infantil de Macei\u00f3. Foto: PNI Macei\u00f3<\/em> <\/figcaption><\/figure>\n\n\n\n<p>A Campanha Nacional de Vacina\u00e7\u00e3o contra a Poliomielite se encerra na pr\u00f3xima segunda-feira (31). Em Macei\u00f3, a vacina\u00e7\u00e3o atingiu o \u00edndice de 52,37%, com 27.148 doses aplicadas no p\u00fablico infantil. A campanha, organizada pelo Minist\u00e9rio da Sa\u00fade, iniciou no dia 8 de agosto em todo o Brasil e pretende alcan\u00e7ar 95% do p\u00fablico entre 1 a menores de 5 anos de idade.<\/p>\n\n\n\n<p>Profissionais de sa\u00fade seguem se empenhando para imunizar todas as crian\u00e7as que procurarem pelo imunizante nos pontos de vacina\u00e7\u00e3o. A gerente de Imuniza\u00e7\u00e3o de Macei\u00f3, Eunice Amorim, refor\u00e7a a import\u00e2ncia da vacina\u00e7\u00e3o para evitar o risco de retorno da poliomielite \u2013 doen\u00e7a j\u00e1 erradicada no Brasil.<\/p>\n\n\n\n<p>\u201cPrecisamos ampliar a cobertura vacinal em Macei\u00f3 e proteger nossas crian\u00e7as da paralisia infantil, que j\u00e1 trouxe tantos agravos \u00e0 sa\u00fade p\u00fablica em tempos passados. Pedimos que pais e respons\u00e1veis conduzam suas crian\u00e7as at\u00e9 o posto de vacina\u00e7\u00e3o mais pr\u00f3ximo para proteger o p\u00fablico contra a doen\u00e7a\u201d, enfatizou a gerente.<\/p>\n\n\n\n<figure class=\"wp-block-image\"><a href=\"https:\/\/maceioalgovbr.dhost.cloud\/uploads\/imagens\/WhatsApp-Image-2022-10-27-at-13.06.05.jpeg\"><img decoding=\"async\" src=\"https:\/\/maceioalgovbr.dhost.cloud\/uploads\/imagens\/_206x160_crop_center-center_none\/WhatsApp-Image-2022-10-27-at-13.06.05.jpeg\" alt=\"\"\/><\/a><\/figure>\n\n\n\n<figure class=\"wp-block-image\"><a href=\"https:\/\/maceioalgovbr.dhost.cloud\/uploads\/imagens\/WhatsApp-Image-2022-10-27-at-13.07.13.jpeg\"><img decoding=\"async\" src=\"https:\/\/maceioalgovbr.dhost.cloud\/uploads\/imagens\/_206x160_crop_center-center_none\/WhatsApp-Image-2022-10-27-at-13.07.13.jpeg\" alt=\"\"\/><\/a><\/figure>\n\n\n\n<figure class=\"wp-block-image\"><a href=\"https:\/\/maceioalgovbr.dhost.cloud\/uploads\/imagens\/WhatsApp-Image-2022-10-27-at-13.07.47.jpeg\"><img decoding=\"async\" src=\"https:\/\/maceioalgovbr.dhost.cloud\/uploads\/imagens\/_206x160_crop_center-center_none\/WhatsApp-Image-2022-10-27-at-13.07.47.jpeg\" alt=\"\"\/><\/a><\/figure>\n\n\n\n<p><em>Fotos: PNI Macei\u00f3<\/em><\/p>\n\n\n\n<p><strong>&nbsp;Locais de vacina\u00e7\u00e3o<\/strong><\/p>\n\n\n\n<p>A vacina contra a Poliomielite est\u00e1 dispon\u00edvel em todas as salas de vacina\u00e7\u00e3o do Munic\u00edpio, de segunda a sexta-feira. O imunizante tamb\u00e9m est\u00e1 sendo ofertado nos locais onde acontece o projeto itinerante Cine Massa da Prefeitura de Macei\u00f3; nas instala\u00e7\u00f5es do Sa\u00fade da Gente Infantil (Vila Emater-Jacarecica) e da Mulher (Conjunto Apr\u00edgio Vilela-Benedito Bentes) &#8211; das 8h \u00e0s 20h &#8211; e em mais dois pontos fixos de Macei\u00f3:<\/p>\n\n\n\n<p>-Macei\u00f3 Shopping (das 9h \u00e0s 21h, de segunda a s\u00e1bado);<\/p>\n\n\n\n<p>-P\u00e1tio Shopping (das 15h \u00e0s 21h, de segunda a s\u00e1bado e das 12h \u00e0s 18h, no domingo).<\/p>\n\n\n\n<p><strong>Documenta\u00e7\u00e3o exigida<\/strong><\/p>\n\n\n\n<p>Para receber as vacinas seguras e aprovadas pela Ag\u00eancia Nacional de Vigil\u00e2ncia Sanit\u00e1ria (Anvisa), os respons\u00e1veis devem apresentar a caderneta de vacina\u00e7\u00e3o da crian\u00e7a no ato da imuniza\u00e7\u00e3o.<\/p>\n\n\n\n<p>Assessoria<\/p>\n","protected":false},"excerpt":{"rendered":"<p>A Campanha Nacional de Vacina\u00e7\u00e3o contra a Poliomielite se encerra na pr\u00f3xima segunda-feira (31). Em Macei\u00f3, a<\/p>\n","protected":false},"author":1,"featured_media":19242,"comment_status":"open","ping_status":"open","sticky":false,"template":"","format":"standard","meta":{"footnotes":""},"categories":[60],"tags":[],"class_list":["post-19241","post","type-post","status-publish","format-standard","has-post-thumbnail","hentry","category-capa"],"_links":{"self":[{"href":"https:\/\/4cantosalagoas.com.br\/portal\/wp-json\/wp\/v2\/posts\/19241","targetHints":{"allow":["GET"]}}],"collection":[{"href":"https:\/\/4cantosalagoas.com.br\/portal\/wp-json\/wp\/v2\/posts"}],"about":[{"href":"https:\/\/4cantosalagoas.com.br\/portal\/wp-json\/wp\/v2\/types\/post"}],"author":[{"embeddable":true,"href":"https:\/\/4cantosalagoas.com.br\/portal\/wp-json\/wp\/v2\/users\/1"}],"replies":[{"embeddable":true,"href":"https:\/\/4cantosalagoas.com.br\/portal\/wp-json\/wp\/v2\/comments?post=19241"}],"version-history":[{"count":1,"href":"https:\/\/4cantosalagoas.com.br\/portal\/wp-json\/wp\/v2\/posts\/19241\/revisions"}],"predecessor-version":[{"id":19243,"href":"https:\/\/4cantosalagoas.com.br\/portal\/wp-json\/wp\/v2\/posts\/19241\/revisions\/19243"}],"wp:featuredmedia":[{"embeddable":true,"href":"https:\/\/4cantosalagoas.com.br\/portal\/wp-json\/wp\/v2\/media\/19242"}],"wp:attachment":[{"href":"https:\/\/4cantosalagoas.com.br\/portal\/wp-json\/wp\/v2\/media?parent=19241"}],"wp:term":[{"taxonomy":"category","embeddable":true,"href":"https:\/\/4cantosalagoas.com.br\/portal\/wp-json\/wp\/v2\/categories?post=19241"},{"taxonomy":"post_tag","embeddable":true,"href":"https:\/\/4cantosalagoas.com.br\/portal\/wp-json\/wp\/v2\/tags?post=19241"}],"curies":[{"name":"wp","href":"https:\/\/api.w.org\/{rel}","templated":true}]}}