{"id":19153,"date":"2022-10-13T09:52:38","date_gmt":"2022-10-13T12:52:38","guid":{"rendered":"http:\/\/4cantosalagoas.com.br\/portal\/?p=19153"},"modified":"2022-10-13T09:52:41","modified_gmt":"2022-10-13T12:52:41","slug":"smtt-inicia-a-atuacao-de-agentes-no-servico-voluntario-remunerado","status":"publish","type":"post","link":"https:\/\/4cantosalagoas.com.br\/portal\/smtt-inicia-a-atuacao-de-agentes-no-servico-voluntario-remunerado\/","title":{"rendered":"SMTT inicia a atua\u00e7\u00e3o de agentes no Servi\u00e7o Volunt\u00e1rio Remunerado"},"content":{"rendered":"\n<figure class=\"wp-block-image\"><img fetchpriority=\"high\" decoding=\"async\" width=\"845\" height=\"560\" src=\"http:\/\/4cantosalagoas.com.br\/portal\/wp-content\/uploads\/2022\/10\/12-10-22-Depoimento-Andre-costa-Bico-Legal-Vera-Arruda-SMTT-01.jpg\" alt=\"\" class=\"wp-image-19154\" srcset=\"https:\/\/4cantosalagoas.com.br\/portal\/wp-content\/uploads\/2022\/10\/12-10-22-Depoimento-Andre-costa-Bico-Legal-Vera-Arruda-SMTT-01.jpg 845w, https:\/\/4cantosalagoas.com.br\/portal\/wp-content\/uploads\/2022\/10\/12-10-22-Depoimento-Andre-costa-Bico-Legal-Vera-Arruda-SMTT-01-300x199.jpg 300w, https:\/\/4cantosalagoas.com.br\/portal\/wp-content\/uploads\/2022\/10\/12-10-22-Depoimento-Andre-costa-Bico-Legal-Vera-Arruda-SMTT-01-768x509.jpg 768w\" sizes=\"(max-width: 845px) 100vw, 845px\" \/><figcaption> <br><em>Atividade desta quarta-feira aconteceu no Corredor Vera Arruda, na Jati\u00faca. Foto: Idalecio Lucas\/Ascom SMTT).<\/em> <\/figcaption><\/figure>\n\n\n\n<p>A Superintend\u00eancia Municipal de Transportes e Tr\u00e2nsito (SMTT) de Macei\u00f3 come\u00e7ou, nesta quarta-feira (12), a atua\u00e7\u00e3o de agentes no Servi\u00e7o Volunt\u00e1rio Remunerado (SVR). Com portaria regulamentando a atividade publicada nesta ter\u00e7a-feira (11), o trabalho iniciou no feriado de Nossa Senhora Aparecida, Padroeira do Brasil, no Corredor Vera Arruda, na Jati\u00faca.<\/p>\n\n\n\n<p>A atividade contou com duas equipes compostas por dois agentes cada, sendo a primeira em um turno das 8h \u00e0s 14h e a segunda de 14h \u00e0s 20h. O policiamento de tr\u00e2nsito na regi\u00e3o aconteceu com os profissionais a p\u00e9, contou com o apoio de uma viatura, al\u00e9m de toda a cobertura dada por servidores que ficaram no N\u00facleo de Opera\u00e7\u00e3o Integrada (NOI) e os supervisores plantonistas.<\/p>\n\n\n\n<figure class=\"wp-block-image\"><a href=\"https:\/\/maceioalgovbr.dhost.cloud\/uploads\/imagens\/12-10-22-Depoimento-Andre-costa-Bico-Legal-Vera-Arruda-SMTT-31.jpg\"><img decoding=\"async\" src=\"https:\/\/maceioalgovbr.dhost.cloud\/uploads\/imagens\/_845x560_crop_center-center_none\/12-10-22-Depoimento-Andre-costa-Bico-Legal-Vera-Arruda-SMTT-31.jpg\" alt=\"As equipes foram divididas em dois turnos e realizaram o policiamento a p\u00e9, com apoio de uma viatura. Foto: Idalecio Lucas (Ascom SMTT).\"\/><\/a><figcaption>As equipes foram divididas em dois turnos e realizaram o policiamento a p\u00e9, com apoio de uma viatura. Foto: Idalecio Lucas (Ascom SMTT).<\/figcaption><\/figure>\n\n\n\n<p>O superintendente da SMTT, Andr\u00e9 Costa, falou sobre o in\u00edcio do SVR. &#8220;\u00c9 muito bom poder fazer parte desse momento, que \u00e9 uma reivindica\u00e7\u00e3o da categoria e que melhorar\u00e1 consideravelmente o atendimento \u00e0 popula\u00e7\u00e3o maceioense. \u00c9 uma via onde todos ganham, o cidad\u00e3o e os agentes&#8221;, disse o titular da pasta.<\/p>\n\n\n\n<p>Al\u00e9m do apoio das viaturas e o contato direto com o NOI, os agentes tamb\u00e9m t\u00eam como se comunicar com a Pol\u00edcia Militar, caso haja a necessidade.<\/p>\n\n\n\n<p><strong>Reuni\u00e3o com agentes<\/strong><\/p>\n\n\n\n<p>O in\u00edcio dos trabalhos foi anunciado oficialmente no audit\u00f3rio da SMTT, nesta ter\u00e7a-feira (10), pelo superintendente Andr\u00e9 Costa. O momento contou com a presen\u00e7a de agentes e de outros profissionais do \u00f3rg\u00e3o. &#8220;O chamado Bico Legal, na verdade, \u00e9 um ganho para a sociedade. Teremos mais equipes nas ruas, podendo solucionar os problemas que temos no cotidiano, com rela\u00e7\u00e3o a sinistros de tr\u00e2nsito, apoio em regi\u00f5es que, por algum motivo, necessitem da presen\u00e7a do agente e outras situa\u00e7\u00f5es que, devido \u00e0 grande demanda, se torna bem mais complicado mobilizar agentes&#8221;, destacou o agente de Tr\u00e2nsito Zenildo Calheiros.<\/p>\n\n\n\n<figure class=\"wp-block-image\"><a href=\"https:\/\/maceioalgovbr.dhost.cloud\/uploads\/imagens\/11-10-22-Reuniao-Bico-Legal-Andre-Costa-SMTT-Por-Evinho-Silva-38.jpg\"><img decoding=\"async\" src=\"https:\/\/maceioalgovbr.dhost.cloud\/uploads\/imagens\/_845x560_crop_center-center_none\/11-10-22-Reuniao-Bico-Legal-Andre-Costa-SMTT-Por-Evinho-Silva-38.jpg\" alt=\"Zenildo Calheiros, agente de tr\u00e2nsito. Foto: Evinho Silva (Ascom SMTT).\"\/><\/a><figcaption>Zenildo Calheiros, agente de tr\u00e2nsito. Foto: Evinho Silva (Ascom SMTT).<\/figcaption><\/figure>\n\n\n\n<p>J\u00e1 existe o processo para a aquisi\u00e7\u00e3o de bicicletas el\u00e9tricas e autom\u00f3veis el\u00e9tricos, que auxiliar\u00e3o na atividade dos agentes. &#8220;O refor\u00e7o de viaturas e tamb\u00e9m o policiamento de tr\u00e2nsito em bicicletas el\u00e9tricas j\u00e1 faz parte da ideia de atua\u00e7\u00e3o do Bico Legal. Mesmo com as duas possibilidades, a fiscaliza\u00e7\u00e3o a p\u00e9 tamb\u00e9m deve acontecer justamente para que possamos atingir \u00e0queles pontos onde h\u00e1 uma dificuldade de circula\u00e7\u00e3o com um autom\u00f3vel e tamb\u00e9m para os agentes estarem mais acess\u00edveis \u00e0 popula\u00e7\u00e3o, para tirar d\u00favidas, ouvir sugest\u00f5es e reclama\u00e7\u00f5es&#8221;, ressaltou Andr\u00e9 Costa.<\/p>\n\n\n\n<figure class=\"wp-block-image\"><a href=\"https:\/\/maceioalgovbr.dhost.cloud\/uploads\/imagens\/11-10-22-Reuniao-Bico-Legal-Andre-Costa-SMTT-Por-Evinho-Silva-18_2022-10-12-183132_tvum.jpg\"><img decoding=\"async\" src=\"https:\/\/maceioalgovbr.dhost.cloud\/uploads\/imagens\/_845x560_crop_center-center_none\/11-10-22-Reuniao-Bico-Legal-Andre-Costa-SMTT-Por-Evinho-Silva-18_2022-10-12-183132_tvum.jpg\" alt=\"O in\u00edcio dos trabalhos foi anunciado oficialmente no audit\u00f3rio da SMTT, nesta ter\u00e7a-feira (10), pelo superintendente Andr\u00e9 Costa. Foto: Evinho Silva (Ascom SMTT).\"\/><\/a><figcaption>O in\u00edcio dos trabalhos foi anunciado oficialmente no audit\u00f3rio da SMTT, nesta ter\u00e7a-feira (10), pelo superintendente Andr\u00e9 Costa. Foto: Evinho Silva (Ascom SMTT).<\/figcaption><\/figure>\n\n\n\n<p>&#8220;\u00c9 importante ressaltar que, com o movimento de ades\u00e3o dos agentes ao Bico Legal, ser\u00e1 organizada a escala de trabalho para que todos os que desejarem participar sejam bem alocados nos servi\u00e7os&#8221;, disse o diretor de Mobilidade da SMTT, coronel C\u00edcero Silva. &#8220;Temos toda uma log\u00edstica a preparar, para garantir uma boa atua\u00e7\u00e3o aos nossos profissionais&#8221;, finalizou.<\/p>\n\n\n\n<p>O encontro contou tamb\u00e9m com a presen\u00e7a do superintendente adjunto da SMTT, Assis Constantino.<\/p>\n\n\n\n<p>Assessoria<\/p>\n","protected":false},"excerpt":{"rendered":"<p>A Superintend\u00eancia Municipal de Transportes e Tr\u00e2nsito (SMTT) de Macei\u00f3 come\u00e7ou, nesta quarta-feira (12), a atua\u00e7\u00e3o de<\/p>\n","protected":false},"author":1,"featured_media":19154,"comment_status":"open","ping_status":"open","sticky":false,"template":"","format":"standard","meta":{"footnotes":""},"categories":[60],"tags":[],"class_list":["post-19153","post","type-post","status-publish","format-standard","has-post-thumbnail","hentry","category-capa"],"_links":{"self":[{"href":"https:\/\/4cantosalagoas.com.br\/portal\/wp-json\/wp\/v2\/posts\/19153","targetHints":{"allow":["GET"]}}],"collection":[{"href":"https:\/\/4cantosalagoas.com.br\/portal\/wp-json\/wp\/v2\/posts"}],"about":[{"href":"https:\/\/4cantosalagoas.com.br\/portal\/wp-json\/wp\/v2\/types\/post"}],"author":[{"embeddable":true,"href":"https:\/\/4cantosalagoas.com.br\/portal\/wp-json\/wp\/v2\/users\/1"}],"replies":[{"embeddable":true,"href":"https:\/\/4cantosalagoas.com.br\/portal\/wp-json\/wp\/v2\/comments?post=19153"}],"version-history":[{"count":1,"href":"https:\/\/4cantosalagoas.com.br\/portal\/wp-json\/wp\/v2\/posts\/19153\/revisions"}],"predecessor-version":[{"id":19155,"href":"https:\/\/4cantosalagoas.com.br\/portal\/wp-json\/wp\/v2\/posts\/19153\/revisions\/19155"}],"wp:featuredmedia":[{"embeddable":true,"href":"https:\/\/4cantosalagoas.com.br\/portal\/wp-json\/wp\/v2\/media\/19154"}],"wp:attachment":[{"href":"https:\/\/4cantosalagoas.com.br\/portal\/wp-json\/wp\/v2\/media?parent=19153"}],"wp:term":[{"taxonomy":"category","embeddable":true,"href":"https:\/\/4cantosalagoas.com.br\/portal\/wp-json\/wp\/v2\/categories?post=19153"},{"taxonomy":"post_tag","embeddable":true,"href":"https:\/\/4cantosalagoas.com.br\/portal\/wp-json\/wp\/v2\/tags?post=19153"}],"curies":[{"name":"wp","href":"https:\/\/api.w.org\/{rel}","templated":true}]}}