{"id":19150,"date":"2022-10-13T09:38:37","date_gmt":"2022-10-13T12:38:37","guid":{"rendered":"http:\/\/4cantosalagoas.com.br\/portal\/?p=19150"},"modified":"2022-10-13T09:38:39","modified_gmt":"2022-10-13T12:38:39","slug":"tjal-e-oab-reforcam-importancia-do-sistema-estadual-de-prevencao-e-combate-a-tortura","status":"publish","type":"post","link":"https:\/\/4cantosalagoas.com.br\/portal\/tjal-e-oab-reforcam-importancia-do-sistema-estadual-de-prevencao-e-combate-a-tortura\/","title":{"rendered":"TJAL e OAB refor\u00e7am import\u00e2ncia do Sistema Estadual de Preven\u00e7\u00e3o e Combate \u00e0 Tortura"},"content":{"rendered":"\n<figure class=\"wp-block-image\"><img fetchpriority=\"high\" decoding=\"async\" width=\"900\" height=\"600\" src=\"http:\/\/4cantosalagoas.com.br\/portal\/wp-content\/uploads\/2022\/10\/76465d11151fb94ad42fb7c7a1db925b.jpg\" alt=\"\" class=\"wp-image-19151\" srcset=\"https:\/\/4cantosalagoas.com.br\/portal\/wp-content\/uploads\/2022\/10\/76465d11151fb94ad42fb7c7a1db925b.jpg 900w, https:\/\/4cantosalagoas.com.br\/portal\/wp-content\/uploads\/2022\/10\/76465d11151fb94ad42fb7c7a1db925b-300x200.jpg 300w, https:\/\/4cantosalagoas.com.br\/portal\/wp-content\/uploads\/2022\/10\/76465d11151fb94ad42fb7c7a1db925b-768x512.jpg 768w\" sizes=\"(max-width: 900px) 100vw, 900px\" \/><figcaption> <br>Tutm\u00e9s Airan discutiu o papel do SEPCT com o presidente da OAB\/AL, Vagner Paes. Foto: Caio Loureiro <\/figcaption><\/figure>\n\n\n\n<p>Representantes do Judici\u00e1rio de Alagoas e da Ordem dos Advogados (OAB\/AL) refor\u00e7aram, em reuni\u00e3o nesta ter\u00e7a (11), a import\u00e2ncia do Sistema Estadual de Preven\u00e7\u00e3o e Combate \u00e0 Tortura (SEPCT). A proposta de projeto de lei que institui o referido sistema foi encaminhada ao Executivo e est\u00e1 sendo analisada pela Procuradoria Geral do Estado (PGE).&nbsp;<\/p>\n\n\n\n<p>O SEPCT deve ser integrado por \u00f3rg\u00e3os e entidades p\u00fablicas e privadas, que ficar\u00e3o encarregados de formular e fortalecer estrat\u00e9gias de preven\u00e7\u00e3o e combate \u00e0 tortura em Alagoas. Seus componentes tamb\u00e9m devem atuar no monitoramento e na supervis\u00e3o de estabelecimentos e unidades prisionais.<\/p>\n\n\n\n<p>Para o desembargador Tutm\u00e9s Airan, coordenador de Direitos Humanos do TJAL, o SEPCT \u00e9 um mecanismo que vai profissionalizar o combate \u00e0 tortura no estado. &#8220;A ideia \u00e9 que as pessoas que v\u00e3o fazer isso tenham autonomia absoluta. Elas seriam nomeadas com mandato e exerceriam uma esp\u00e9cie de cargo de comiss\u00e3o, seguindo o modelo nacional. Precisamos cuidar para que esse projeto seja aprovado&#8221;, defendeu.<\/p>\n\n\n\n<p>Na avalia\u00e7\u00e3o do presidente da OAB\/AL, Vagner Paes, o SEPCT \u00e9 pe\u00e7a fundamental para que se concretizem as conven\u00e7\u00f5es internacionais de Direitos Humanos. &#8220;O Brasil \u00e9 signat\u00e1rio [dessas conven\u00e7\u00f5es] h\u00e1 mais de uma d\u00e9cada, e o estado de Alagoas precisa efetivar isso de uma vez por todas&#8221;.<\/p>\n\n\n\n<p>Ainda segundo Paes, o sistema vai fortalecer as institui\u00e7\u00f5es que lidam diretamente com os Direitos Humanos. &#8220;Essa \u00e9 uma conjuga\u00e7\u00e3o de esfor\u00e7os para a melhoria do aprimoramento de todo o sistema estadual de Direitos Humanos&#8221;. A proposta que trata da cria\u00e7\u00e3o do SEPCT pode ser conferida&nbsp;<strong><a href=\"https:\/\/www.tjal.jus.br\/download\/LeiSEPCT.pdf\" target=\"_blank\" rel=\"noreferrer noopener\">aqui<\/a><\/strong>.<\/p>\n\n\n\n<p>Tamb\u00e9m participaram da reuni\u00e3o, na sede do TJAL, os desembargadores Celyrio Adamastor, supervisor do Grupo de Monitoramento e Fiscaliza\u00e7\u00e3o do Sistema Carcer\u00e1rio (GMF), e F\u00e1bio Ferrario, al\u00e9m do secret\u00e1rio do GMF, Igor Medeiros, do secret\u00e1rio da Coordenadoria de Direitos Humanos do Tribunal, Pedro Montenegro, e do advogado Nivaldo Barbosa.<br><br><strong>Diretoria de Comunica\u00e7\u00e3o &#8211; Dicom TJAL&nbsp;<\/strong>DS<\/p>\n","protected":false},"excerpt":{"rendered":"<p>Representantes do Judici\u00e1rio de Alagoas e da Ordem dos Advogados (OAB\/AL) refor\u00e7aram, em reuni\u00e3o nesta ter\u00e7a (11),<\/p>\n","protected":false},"author":1,"featured_media":19151,"comment_status":"open","ping_status":"open","sticky":false,"template":"","format":"standard","meta":{"footnotes":""},"categories":[60],"tags":[],"class_list":["post-19150","post","type-post","status-publish","format-standard","has-post-thumbnail","hentry","category-capa"],"_links":{"self":[{"href":"https:\/\/4cantosalagoas.com.br\/portal\/wp-json\/wp\/v2\/posts\/19150","targetHints":{"allow":["GET"]}}],"collection":[{"href":"https:\/\/4cantosalagoas.com.br\/portal\/wp-json\/wp\/v2\/posts"}],"about":[{"href":"https:\/\/4cantosalagoas.com.br\/portal\/wp-json\/wp\/v2\/types\/post"}],"author":[{"embeddable":true,"href":"https:\/\/4cantosalagoas.com.br\/portal\/wp-json\/wp\/v2\/users\/1"}],"replies":[{"embeddable":true,"href":"https:\/\/4cantosalagoas.com.br\/portal\/wp-json\/wp\/v2\/comments?post=19150"}],"version-history":[{"count":1,"href":"https:\/\/4cantosalagoas.com.br\/portal\/wp-json\/wp\/v2\/posts\/19150\/revisions"}],"predecessor-version":[{"id":19152,"href":"https:\/\/4cantosalagoas.com.br\/portal\/wp-json\/wp\/v2\/posts\/19150\/revisions\/19152"}],"wp:featuredmedia":[{"embeddable":true,"href":"https:\/\/4cantosalagoas.com.br\/portal\/wp-json\/wp\/v2\/media\/19151"}],"wp:attachment":[{"href":"https:\/\/4cantosalagoas.com.br\/portal\/wp-json\/wp\/v2\/media?parent=19150"}],"wp:term":[{"taxonomy":"category","embeddable":true,"href":"https:\/\/4cantosalagoas.com.br\/portal\/wp-json\/wp\/v2\/categories?post=19150"},{"taxonomy":"post_tag","embeddable":true,"href":"https:\/\/4cantosalagoas.com.br\/portal\/wp-json\/wp\/v2\/tags?post=19150"}],"curies":[{"name":"wp","href":"https:\/\/api.w.org\/{rel}","templated":true}]}}