{"id":19062,"date":"2022-09-28T09:56:12","date_gmt":"2022-09-28T12:56:12","guid":{"rendered":"http:\/\/4cantosalagoas.com.br\/portal\/?p=19062"},"modified":"2022-09-28T09:56:15","modified_gmt":"2022-09-28T12:56:15","slug":"alergia-a-primavera","status":"publish","type":"post","link":"https:\/\/4cantosalagoas.com.br\/portal\/alergia-a-primavera\/","title":{"rendered":"Alergia \u00e0 primavera?"},"content":{"rendered":"\n<figure class=\"wp-block-image\"><img fetchpriority=\"high\" decoding=\"async\" width=\"878\" height=\"867\" src=\"http:\/\/4cantosalagoas.com.br\/portal\/wp-content\/uploads\/2020\/09\/fflo.jpg\" alt=\"\" class=\"wp-image-12627\" srcset=\"https:\/\/4cantosalagoas.com.br\/portal\/wp-content\/uploads\/2020\/09\/fflo.jpg 878w, https:\/\/4cantosalagoas.com.br\/portal\/wp-content\/uploads\/2020\/09\/fflo-300x296.jpg 300w, https:\/\/4cantosalagoas.com.br\/portal\/wp-content\/uploads\/2020\/09\/fflo-768x758.jpg 768w\" sizes=\"(max-width: 878px) 100vw, 878px\" \/><figcaption>Foto\/ Gl\u00e9cio Rodrigues<\/figcaption><\/figure>\n\n\n\n<p>A esta\u00e7\u00e3o das flores chegou e, junto com ela, os efeitos das alergias e problemas respirat\u00f3rios causados pela exposi\u00e7\u00e3o ao p\u00f3len e \u00e0 poeira. Durante a primavera, o tempo fica mais seco, as temperaturas oscilam e os poluentes se concentram no ar devido \u00e0 diminui\u00e7\u00e3o da umidade. Para quem tem alergia \u00e9 o cen\u00e1rio perfeito para a piora do quadro de sa\u00fade.<\/p>\n\n\n\n<p>Ap\u00f3s as restri\u00e7\u00f5es geradas pela pandemia, 2022 \u00e9 o ano de retorno \u00e0s atividades presenciais. Segundo o estudo global \u201cReturn to Work\u201d, realizado pela OnePoll e a Citrix em 10 pa\u00edses (incluindo o Brasil), 79% dos funcion\u00e1rios afirmam que os escrit\u00f3rios dos seus empregadores j\u00e1 reabriram, sendo que quase a metade voltou ao trabalho presencial em tempo integral. Com os escrit\u00f3rios na ativa e o in\u00edcio da primavera, fica a quest\u00e3o: como os protocolos de limpeza adotados durante a pandemia podem auxiliar para amenizar os efeitos da alergia?<\/p>\n\n\n\n<p>O professor Mario Guedes, da Funda\u00e7\u00e3o de Asseio e Conserva\u00e7\u00e3o, Servi\u00e7os Especializados e Facilities (FACOP), explica que a sa\u00fade do colaborador est\u00e1 diretamente relacionada \u00e0 qualidade e salubridade do ambiente de trabalho. Dessa forma, o rigor nos protocolos de limpeza adotados na pandemia ainda \u00e9 v\u00e1lido. \u201cA poeira e o p\u00f3len fazem parte do grupo de agentes ambientais estudados pela higiene ocupacional\u201d.&nbsp;<\/p>\n\n\n\n<p>Segundo o professor, a prote\u00e7\u00e3o respirat\u00f3ria pode ser alcan\u00e7ada de diferentes maneiras, como uso de respiradores, purificadores de ar, sistemas de ar-condicionado e a realiza\u00e7\u00e3o da limpeza profissional. \u201cNeste sentido, a limpeza e desinfec\u00e7\u00e3o de superf\u00edcies contribui com a elimina\u00e7\u00e3o destas sujidades do ambiente\u201d, afirma.<\/p>\n\n\n\n<p>Nos cursos de Limpeza Profissional da FACOP, como a Capacita\u00e7\u00e3o em Limpeza de \u00c1reas Administrativas, da Universidade Corporativa, os alunos aprendem quais protocolos ainda devem ser mantidos para garantir um ambiente de trabalho saud\u00e1vel. Confira:<\/p>\n\n\n\n<ul class=\"wp-block-list\"><li>Higieniza\u00e7\u00e3o de superf\u00edcies muito tocadas;<\/li><li>Substitui\u00e7\u00e3o da limpeza seca pela limpeza \u00famida;&nbsp;<\/li><li>Aposentar a vassoura e utilizar o MOP para a limpeza;<\/li><li>Manter a manuten\u00e7\u00e3o da limpeza dos aparelhos de ar-condicionado em dia;<\/li><li>Aumentar a frequ\u00eancia da rotina de limpeza nos escrit\u00f3rios.&nbsp;&nbsp;<\/li><\/ul>\n\n\n\n<p><strong>A FACOP&nbsp;<br><br><\/strong><\/p>\n\n\n\n<p>A Funda\u00e7\u00e3o do Asseio e Conserva\u00e7\u00e3o Servi\u00e7os Especializados e Facilites atua desde 2002 por meio de um esfor\u00e7o conjunto entre os sindicatos patronal (SEAC-PR) e laboral (Siemaco) do setor do asseio e conserva\u00e7\u00e3o. Saiba mais: https:\/\/facop.org.br\/&nbsp;<\/p>\n\n\n\n<p>Desde sua cria\u00e7\u00e3o, a FACOP tem em seu DNA o pioneirismo, trazendo a trabalhadores e empresas do setor o melhor em qualifica\u00e7\u00e3o e capacita\u00e7\u00e3o, e atuando como uma extens\u00e3o das empresas quando o assunto \u00e9 sele\u00e7\u00e3o de profissionais para vagas de emprego e no que se refere \u00e0 medicina e seguran\u00e7a do trabalho.<\/p>\n\n\n\n<p>Assim, com suas tr\u00eas unidades de neg\u00f3cio \u2013 Centro de Educa\u00e7\u00e3o Profissional Nahyr Kalckmann de Arruda (CEPNKA), Central de Empregos e SESMT Coletivo \u2013 a FACOP oferece ao setor a solidez de um trabalho realizado com seriedade e, sobretudo, com retorno de valor para o empresariado, que pode contar com a Funda\u00e7\u00e3o para a melhoria constante de seus servi\u00e7os.<\/p>\n\n\n\n<p>Assessoria<\/p>\n","protected":false},"excerpt":{"rendered":"<p>A esta\u00e7\u00e3o das flores chegou e, junto com ela, os efeitos das alergias e problemas respirat\u00f3rios causados<\/p>\n","protected":false},"author":1,"featured_media":12627,"comment_status":"open","ping_status":"open","sticky":false,"template":"","format":"standard","meta":{"footnotes":""},"categories":[60],"tags":[],"class_list":["post-19062","post","type-post","status-publish","format-standard","has-post-thumbnail","hentry","category-capa"],"_links":{"self":[{"href":"https:\/\/4cantosalagoas.com.br\/portal\/wp-json\/wp\/v2\/posts\/19062","targetHints":{"allow":["GET"]}}],"collection":[{"href":"https:\/\/4cantosalagoas.com.br\/portal\/wp-json\/wp\/v2\/posts"}],"about":[{"href":"https:\/\/4cantosalagoas.com.br\/portal\/wp-json\/wp\/v2\/types\/post"}],"author":[{"embeddable":true,"href":"https:\/\/4cantosalagoas.com.br\/portal\/wp-json\/wp\/v2\/users\/1"}],"replies":[{"embeddable":true,"href":"https:\/\/4cantosalagoas.com.br\/portal\/wp-json\/wp\/v2\/comments?post=19062"}],"version-history":[{"count":1,"href":"https:\/\/4cantosalagoas.com.br\/portal\/wp-json\/wp\/v2\/posts\/19062\/revisions"}],"predecessor-version":[{"id":19063,"href":"https:\/\/4cantosalagoas.com.br\/portal\/wp-json\/wp\/v2\/posts\/19062\/revisions\/19063"}],"wp:featuredmedia":[{"embeddable":true,"href":"https:\/\/4cantosalagoas.com.br\/portal\/wp-json\/wp\/v2\/media\/12627"}],"wp:attachment":[{"href":"https:\/\/4cantosalagoas.com.br\/portal\/wp-json\/wp\/v2\/media?parent=19062"}],"wp:term":[{"taxonomy":"category","embeddable":true,"href":"https:\/\/4cantosalagoas.com.br\/portal\/wp-json\/wp\/v2\/categories?post=19062"},{"taxonomy":"post_tag","embeddable":true,"href":"https:\/\/4cantosalagoas.com.br\/portal\/wp-json\/wp\/v2\/tags?post=19062"}],"curies":[{"name":"wp","href":"https:\/\/api.w.org\/{rel}","templated":true}]}}