{"id":19007,"date":"2022-09-20T14:42:15","date_gmt":"2022-09-20T17:42:15","guid":{"rendered":"http:\/\/4cantosalagoas.com.br\/portal\/?p=19007"},"modified":"2022-09-20T14:42:18","modified_gmt":"2022-09-20T17:42:18","slug":"fmac-divulga-programacao-do-festival-massayo-gospel-que-acontece-de-21-a-26-de-setembro","status":"publish","type":"post","link":"https:\/\/4cantosalagoas.com.br\/portal\/fmac-divulga-programacao-do-festival-massayo-gospel-que-acontece-de-21-a-26-de-setembro\/","title":{"rendered":"FMAC divulga programa\u00e7\u00e3o do Festival Massay\u00f3 Gospel, que acontece de 21 a 26 de setembro"},"content":{"rendered":"\n<figure class=\"wp-block-image\"><img fetchpriority=\"high\" decoding=\"async\" width=\"850\" height=\"560\" src=\"http:\/\/4cantosalagoas.com.br\/portal\/wp-content\/uploads\/2022\/09\/GOSPEL-GERAL.png\" alt=\"\" class=\"wp-image-19008\" srcset=\"https:\/\/4cantosalagoas.com.br\/portal\/wp-content\/uploads\/2022\/09\/GOSPEL-GERAL.png 850w, https:\/\/4cantosalagoas.com.br\/portal\/wp-content\/uploads\/2022\/09\/GOSPEL-GERAL-300x198.png 300w, https:\/\/4cantosalagoas.com.br\/portal\/wp-content\/uploads\/2022\/09\/GOSPEL-GERAL-768x506.png 768w\" sizes=\"(max-width: 850px) 100vw, 850px\" \/><figcaption>Reprodu\u00e7\u00e3o<\/figcaption><\/figure>\n\n\n\n<p>De 21 a 26 de setembro, o Estacionamento do Jaragu\u00e1 ser\u00e1 palco de um evento in\u00e9dito no local, o Festival Massay\u00f3 Gospel, que est\u00e1 dentro da programa\u00e7\u00e3o do &#8216;Finde Cultural&#8217;. Com realiza\u00e7\u00e3o da Prefeitura de Macei\u00f3, por meio da Funda\u00e7\u00e3o Municipal de A\u00e7\u00e3o Cultural (Fmac), o acesso ao evento \u00e9 totalmente gratuito e ser\u00e1 um momento de muito louvor.<\/p>\n\n\n\n<p>Cantores renomados do universo gospel nacional como Bruna Karla, Cassiane e Kleber Lucas, t\u00eam presen\u00e7a confirmada no festival que contar\u00e1 tamb\u00e9m com apresenta\u00e7\u00f5es de artistas locais.<\/p>\n\n\n\n<p>&#8220;Ser\u00e1 um grande evento que vai ficar marcado na cidade. Pela primeira vez a gest\u00e3o municipal promove um festival de m\u00fasica crist\u00e3 dando oportunidade e valorizando os m\u00fasicos desse g\u00eanero na cidade&#8221;, ressalta Jo\u00e3o Lyra, presidente da Fmac.<\/p>\n\n\n\n<p><strong>Programa\u00e7\u00e3o completa<\/strong>&nbsp;<\/p>\n\n\n\n<p><strong>Quarta-feira &#8211; 21\/09, \u00e0s 19h.<\/strong><\/p>\n\n\n\n<p>Rute Assun\u00e7\u00e3o<\/p>\n\n\n\n<p>\u00c1quila de Souza<\/p>\n\n\n\n<p>Bruna Karla<\/p>\n\n\n\n<p>Cassiane<\/p>\n\n\n\n<p>Manancial&nbsp;<\/p>\n\n\n\n<p><strong>Quinta-feira &#8211; 22\/09, \u00e0s 19h.<\/strong><\/p>\n\n\n\n<p>Matheus Alves<\/p>\n\n\n\n<p>Isaias Saad<\/p>\n\n\n\n<p>Discopraise<\/p>\n\n\n\n<p>Gabriel Guedes&nbsp;<\/p>\n\n\n\n<p><strong>Sexta-feira &#8211; 23\/09, \u00e0s 19h.<\/strong><\/p>\n\n\n\n<p>Amanda Souza<\/p>\n\n\n\n<p>Paulo Neto<\/p>\n\n\n\n<p>Paulo C\u00e9sar Baruk<\/p>\n\n\n\n<p>J\u00falia Vit\u00f3ria&nbsp;<\/p>\n\n\n\n<p><strong>S\u00e1bado &#8211; 24\/09, \u00e0s 19h.<\/strong><\/p>\n\n\n\n<p>Junior Ferraz<\/p>\n\n\n\n<p>Novo Som<\/p>\n\n\n\n<p>Th\u00e9o Rubia<\/p>\n\n\n\n<p>Coral Kemuel<\/p>\n\n\n\n<p>Delino Mar\u00e7al&nbsp;<\/p>\n\n\n\n<p><strong>Domingo &#8211; 25\/09, \u00e0s 15h.<\/strong><\/p>\n\n\n\n<p>Karol Hillary<\/p>\n\n\n\n<p>Emily Falc\u00e3o<\/p>\n\n\n\n<p>Adriana Arydes<\/p>\n\n\n\n<p>Cantores de Deus<\/p>\n\n\n\n<p>Rosa de Saron&nbsp;<\/p>\n\n\n\n<p><strong>Segunda-feira &#8211; 26\/09, \u00e0s 19h.<\/strong><\/p>\n\n\n\n<p>Eduarda Conrado<\/p>\n\n\n\n<p>Preto no Branco<\/p>\n\n\n\n<p>Som e Louvor<\/p>\n\n\n\n<p>Kleber Lucas<\/p>\n\n\n\n<p>Assessoria<\/p>\n","protected":false},"excerpt":{"rendered":"<p>De 21 a 26 de setembro, o Estacionamento do Jaragu\u00e1 ser\u00e1 palco de um evento in\u00e9dito no<\/p>\n","protected":false},"author":1,"featured_media":19008,"comment_status":"open","ping_status":"open","sticky":false,"template":"","format":"standard","meta":{"footnotes":""},"categories":[60],"tags":[],"class_list":["post-19007","post","type-post","status-publish","format-standard","has-post-thumbnail","hentry","category-capa"],"_links":{"self":[{"href":"https:\/\/4cantosalagoas.com.br\/portal\/wp-json\/wp\/v2\/posts\/19007","targetHints":{"allow":["GET"]}}],"collection":[{"href":"https:\/\/4cantosalagoas.com.br\/portal\/wp-json\/wp\/v2\/posts"}],"about":[{"href":"https:\/\/4cantosalagoas.com.br\/portal\/wp-json\/wp\/v2\/types\/post"}],"author":[{"embeddable":true,"href":"https:\/\/4cantosalagoas.com.br\/portal\/wp-json\/wp\/v2\/users\/1"}],"replies":[{"embeddable":true,"href":"https:\/\/4cantosalagoas.com.br\/portal\/wp-json\/wp\/v2\/comments?post=19007"}],"version-history":[{"count":1,"href":"https:\/\/4cantosalagoas.com.br\/portal\/wp-json\/wp\/v2\/posts\/19007\/revisions"}],"predecessor-version":[{"id":19009,"href":"https:\/\/4cantosalagoas.com.br\/portal\/wp-json\/wp\/v2\/posts\/19007\/revisions\/19009"}],"wp:featuredmedia":[{"embeddable":true,"href":"https:\/\/4cantosalagoas.com.br\/portal\/wp-json\/wp\/v2\/media\/19008"}],"wp:attachment":[{"href":"https:\/\/4cantosalagoas.com.br\/portal\/wp-json\/wp\/v2\/media?parent=19007"}],"wp:term":[{"taxonomy":"category","embeddable":true,"href":"https:\/\/4cantosalagoas.com.br\/portal\/wp-json\/wp\/v2\/categories?post=19007"},{"taxonomy":"post_tag","embeddable":true,"href":"https:\/\/4cantosalagoas.com.br\/portal\/wp-json\/wp\/v2\/tags?post=19007"}],"curies":[{"name":"wp","href":"https:\/\/api.w.org\/{rel}","templated":true}]}}