{"id":18953,"date":"2022-09-13T09:52:42","date_gmt":"2022-09-13T12:52:42","guid":{"rendered":"http:\/\/4cantosalagoas.com.br\/portal\/?p=18953"},"modified":"2022-09-13T09:52:44","modified_gmt":"2022-09-13T12:52:44","slug":"poetas-populares-discutem-literatura-de-cordel-no-sertao","status":"publish","type":"post","link":"https:\/\/4cantosalagoas.com.br\/portal\/poetas-populares-discutem-literatura-de-cordel-no-sertao\/","title":{"rendered":"Poetas populares discutem Literatura de Cordel no Sert\u00e3o"},"content":{"rendered":"\n<figure class=\"wp-block-image\"><img fetchpriority=\"high\" decoding=\"async\" width=\"1189\" height=\"784\" src=\"https:\/\/i0.wp.com\/4cantosalagoas.com.br\/portal\/wp-content\/uploads\/2022\/09\/19.jpg?fit=1024%2C675\" alt=\"\" class=\"wp-image-18954\" srcset=\"https:\/\/4cantosalagoas.com.br\/portal\/wp-content\/uploads\/2022\/09\/19.jpg 1189w, https:\/\/4cantosalagoas.com.br\/portal\/wp-content\/uploads\/2022\/09\/19-300x198.jpg 300w, https:\/\/4cantosalagoas.com.br\/portal\/wp-content\/uploads\/2022\/09\/19-768x506.jpg 768w, https:\/\/4cantosalagoas.com.br\/portal\/wp-content\/uploads\/2022\/09\/19-1024x675.jpg 1024w\" sizes=\"(max-width: 1189px) 100vw, 1189px\" \/><figcaption>Assessoria<\/figcaption><\/figure>\n\n\n\n<p>Lan\u00e7amento e feira de livros, exposi\u00e7\u00f5es, debates, oficinas, recitais de cordel, apresenta\u00e7\u00f5es liter\u00e1rias e musicais fazem parte da 2\u00aa edi\u00e7\u00e3o da&nbsp;<strong>Feira de Literatura de Cordel do Sert\u00e3o<\/strong>, que acontece de 19 a 23 de setembro, no&nbsp;Museu do&nbsp;Canga\u00e7o \u2013 a Esta\u00e7\u00e3o do Forr\u00f3, em Serra Talhada, no sert\u00e3o do Paje\u00fa. O evento&nbsp;ser\u00e1 totalmente gratuito.<br><\/p>\n\n\n\n<p>Durante a&nbsp;<strong>Feira de Literatura de Corde<\/strong>l, cordelistas, violeiros repentistas, pesquisadores da poesia da cultura popular do sert\u00e3o, profissionais da xilogravura e expositores v\u00e3o promover uma troca de conhecimentos sobre o g\u00eanero liter\u00e1rio e fortalecer a cultura popular.<\/p>\n\n\n\n<p>O&nbsp;pesquisador&nbsp;Anildom\u00e1 Willams&nbsp;destaca&nbsp;a import\u00e2ncia de levar o cordel para o local. \u201cA Feira de Literatura de Cordel \u00e9 uma oportunidade para se conhecer mais sobre esse g\u00eanero liter\u00e1rio tradicional, que veio por meio dos portugueses, provavelmente com influ\u00eancia \u00e1rabe,&nbsp;se tornou popular e que tem uma import\u00e2ncia fundamental na tradi\u00e7\u00e3o da poesia sertaneja\u201d, explica. Anildom\u00e1&nbsp;diz&nbsp;ainda que embora as pessoas associem&nbsp;o cordel&nbsp;a uma coisa meio folclorizante, \u00e9 um g\u00eanero liter\u00e1rio,&nbsp;e que&nbsp;tem&nbsp;de se&nbsp;entender muito de poesia para escrever, tem de estudar muito para fazer a m\u00e9trica certa,&nbsp;para fazer o genu\u00edno cordel.<\/p>\n\n\n\n<p>A&nbsp;<strong>Feira de Literatura de Corde<\/strong>l&nbsp;\u00e9 uma produ\u00e7\u00e3o&nbsp;da Funda\u00e7\u00e3o Cultural Cabras de Lampi\u00e3o e da Ag\u00eancia Cultural de Cria\u00e7\u00e3o e Produ\u00e7\u00e3o,&nbsp;em parceria com a Prefeitura Municipal de Serra Talhada e com a Funda\u00e7\u00e3o Cultural de Serra Talhada. O evento tem incentivo do Funcultura, da Fundarpe, da Secretaria Estadual de Cultura e do Governo de Pernambuco.<\/p>\n\n\n\n<p>A programa\u00e7\u00e3o completa da\u00a0<strong>Feira de Literatura de Corde<\/strong>l est\u00e1 dispon\u00edvel no site<strong>:\u00a0<\/strong><a rel=\"noreferrer noopener\" href=\"http:\/\/www.museudocangaco.com.br\/\" target=\"_blank\">www.museudocangaco.com.br<\/a>.<\/p>\n\n\n\n<p>Assessoria<\/p>\n","protected":false},"excerpt":{"rendered":"<p>Lan\u00e7amento e feira de livros, exposi\u00e7\u00f5es, debates, oficinas, recitais de cordel, apresenta\u00e7\u00f5es liter\u00e1rias e musicais fazem parte<\/p>\n","protected":false},"author":1,"featured_media":18954,"comment_status":"open","ping_status":"open","sticky":false,"template":"","format":"standard","meta":{"footnotes":""},"categories":[60],"tags":[],"class_list":["post-18953","post","type-post","status-publish","format-standard","has-post-thumbnail","hentry","category-capa"],"_links":{"self":[{"href":"https:\/\/4cantosalagoas.com.br\/portal\/wp-json\/wp\/v2\/posts\/18953","targetHints":{"allow":["GET"]}}],"collection":[{"href":"https:\/\/4cantosalagoas.com.br\/portal\/wp-json\/wp\/v2\/posts"}],"about":[{"href":"https:\/\/4cantosalagoas.com.br\/portal\/wp-json\/wp\/v2\/types\/post"}],"author":[{"embeddable":true,"href":"https:\/\/4cantosalagoas.com.br\/portal\/wp-json\/wp\/v2\/users\/1"}],"replies":[{"embeddable":true,"href":"https:\/\/4cantosalagoas.com.br\/portal\/wp-json\/wp\/v2\/comments?post=18953"}],"version-history":[{"count":1,"href":"https:\/\/4cantosalagoas.com.br\/portal\/wp-json\/wp\/v2\/posts\/18953\/revisions"}],"predecessor-version":[{"id":18955,"href":"https:\/\/4cantosalagoas.com.br\/portal\/wp-json\/wp\/v2\/posts\/18953\/revisions\/18955"}],"wp:featuredmedia":[{"embeddable":true,"href":"https:\/\/4cantosalagoas.com.br\/portal\/wp-json\/wp\/v2\/media\/18954"}],"wp:attachment":[{"href":"https:\/\/4cantosalagoas.com.br\/portal\/wp-json\/wp\/v2\/media?parent=18953"}],"wp:term":[{"taxonomy":"category","embeddable":true,"href":"https:\/\/4cantosalagoas.com.br\/portal\/wp-json\/wp\/v2\/categories?post=18953"},{"taxonomy":"post_tag","embeddable":true,"href":"https:\/\/4cantosalagoas.com.br\/portal\/wp-json\/wp\/v2\/tags?post=18953"}],"curies":[{"name":"wp","href":"https:\/\/api.w.org\/{rel}","templated":true}]}}