{"id":18946,"date":"2022-09-09T06:26:07","date_gmt":"2022-09-09T09:26:07","guid":{"rendered":"http:\/\/4cantosalagoas.com.br\/portal\/?p=18946"},"modified":"2022-09-08T18:26:46","modified_gmt":"2022-09-08T21:26:46","slug":"saude-prorroga-campanhas-contra-a-poliomielite-e-de-multivacinacao-ate-30-de-setembro","status":"publish","type":"post","link":"https:\/\/4cantosalagoas.com.br\/portal\/saude-prorroga-campanhas-contra-a-poliomielite-e-de-multivacinacao-ate-30-de-setembro\/","title":{"rendered":"Sa\u00fade prorroga campanhas contra a poliomielite e de multivacina\u00e7\u00e3o at\u00e9 30 de setembro"},"content":{"rendered":"\n<figure class=\"wp-block-image\"><img fetchpriority=\"high\" decoding=\"async\" width=\"850\" height=\"560\" src=\"http:\/\/4cantosalagoas.com.br\/portal\/wp-content\/uploads\/2022\/09\/18.jpeg\" alt=\"\" class=\"wp-image-18947\" srcset=\"https:\/\/4cantosalagoas.com.br\/portal\/wp-content\/uploads\/2022\/09\/18.jpeg 850w, https:\/\/4cantosalagoas.com.br\/portal\/wp-content\/uploads\/2022\/09\/18-300x198.jpeg 300w, https:\/\/4cantosalagoas.com.br\/portal\/wp-content\/uploads\/2022\/09\/18-768x506.jpeg 768w\" sizes=\"(max-width: 850px) 100vw, 850px\" \/><figcaption> <br><em>Imuniza\u00e7\u00f5es contra p\u00f3lio e multivacina\u00e7\u00e3o s\u00e3o prorrogadas at\u00e9 30 de setembro. Foto: Arquivo Ascom SMS<\/em> <\/figcaption><\/figure>\n\n\n\n<p>Seguindo a recomenda\u00e7\u00e3o feita pelo Minist\u00e9rio da Sa\u00fade, a Ger\u00eancia de Imuniza\u00e7\u00e3o da Secretaria Municipal de Sa\u00fade (SMS) prorrogou, at\u00e9 o dia 30 de setembro, a Campanha Nacional de Vacina\u00e7\u00e3o contra a Poliomielite e Multivacina\u00e7\u00e3o.<\/p>\n\n\n\n<p>A medida foi tomada para assegurar a amplia\u00e7\u00e3o das coberturas vacinais no Munic\u00edpio e aumentar a ades\u00e3o da popula\u00e7\u00e3o \u00e0 vacina\u00e7\u00e3o, evitando tanto a reintrodu\u00e7\u00e3o do v\u00edrus da poliomielite no Brasil \u2013 doen\u00e7a considerada como eliminada no pa\u00eds desde 1994 \u2013 quanto o risco de transmiss\u00e3o de enfermidades imunopreven\u00edveis.<\/p>\n\n\n\n<p>De acordo com a gerente de Imuniza\u00e7\u00e3o da SMS, Eunice Amorim, at\u00e9 o momento, a cobertura vacinal do p\u00fablico-alvo da campanha contra a poliomielite \u2013 crian\u00e7as na faixa et\u00e1ria de 1 a menores de 5 anos de idade \u2013 atingiu 20,94%, com pouco mais de 10.800 doses aplicadas. A meta estabelecida pelo Minist\u00e9rio da Sa\u00fade \u00e9 de 95%.<\/p>\n\n\n\n<p>\u201cQuando os \u00edndices de cobertura vacinal n\u00e3o s\u00e3o atingidos de forma satisfat\u00f3ria, o risco das doen\u00e7as aparecerem ou serem reintroduzidas aumenta significativamente. A campanha \u00e9 uma oportunidade para que todos possam atualizar a situa\u00e7\u00e3o vacinal e manter a prote\u00e7\u00e3o contra doen\u00e7as que podem ser evitadas por meio da vacina\u00e7\u00e3o\u201d, explica Eunice Amorim.<\/p>\n\n\n\n<p>Com exce\u00e7\u00e3o da vacina BCG \u2013 que \u00e9 aplicada em&nbsp;<a href=\"https:\/\/maceio.al.gov.br\/noticias\/sms\/saude-define-nova-estrategia-para-administracao-da-vacina-bcg-em-maceio\">4 unidades referenciadas<\/a>, devido ao prazo de validade p\u00f3s abertura do frasco \u2013 as vacinas pertencentes ao Calend\u00e1rio B\u00e1sico de Vacina\u00e7\u00e3o da crian\u00e7a e do adolescente est\u00e3o dispon\u00edveis em todas as salas de vacina\u00e7\u00e3o do Munic\u00edpio, de segunda a sexta-feira.<\/p>\n\n\n\n<figure class=\"wp-block-image\"><a href=\"https:\/\/maceioalgovbr.dhost.cloud\/uploads\/imagens\/138349.jpg\"><img decoding=\"async\" src=\"https:\/\/maceioalgovbr.dhost.cloud\/uploads\/imagens\/_845xAUTO_crop_center-center_none\/138349.jpg\" alt=\"Vacina\u00e7\u00e3o visa atualizar situa\u00e7\u00e3o vacinal e aumentar prote\u00e7\u00e3o contra doen\u00e7as. Foto: Ascom SMS\"\/><\/a><figcaption>Vacina\u00e7\u00e3o visa atualizar situa\u00e7\u00e3o vacinal e aumentar prote\u00e7\u00e3o contra doen\u00e7as. Foto: Ascom SMS<\/figcaption><\/figure>\n\n\n\n<p>A atualiza\u00e7\u00e3o vacinal tamb\u00e9m pode ser feita em tr\u00eas pontos fixos, com hor\u00e1rios diferenciados.<\/p>\n\n\n\n<p><strong>Confira os locais<\/strong><\/p>\n\n\n\n<p>Macei\u00f3 Shopping (das 9h \u00e0s 21h, de segunda a s\u00e1bado)<\/p>\n\n\n\n<p>P\u00e1tio Shopping (das 15h \u00e0s 21h, de segunda a s\u00e1bado e das 12h \u00e0s 18h, no domingo)<\/p>\n\n\n\n<p>Caraj\u00e1s Home Center (das 9h \u00e0s 16h, de segunda a s\u00e1bado)<\/p>\n\n\n\n<p>Eunice lembra que o Munic\u00edpio trabalha ainda para imunizar, de forma indiscriminada com a vacina VOP (Vacina Oral de Poliomielite), no m\u00ednimo 95% das 51.846 crian\u00e7as de 1 a menores de 5 anos de idade que estejam com o esquema prim\u00e1rio completo da vacina VIP (Vacina Inativada da Poliomielite).<\/p>\n\n\n\n<p><strong>Multivacina\u00e7\u00e3o<\/strong><\/p>\n\n\n\n<p>Paralelo \u00e0 campanha contra a p\u00f3lio, a Ger\u00eancia de Imuniza\u00e7\u00e3o da SMS tamb\u00e9m tem intensificado o apelo aos pais e respons\u00e1veis para a atualiza\u00e7\u00e3o das demais imunizantes dispon\u00edveis no Calend\u00e1rio Nacional de Vacina\u00e7\u00e3o. A a\u00e7\u00e3o \u00e9 voltada \u00e0 prote\u00e7\u00e3o da sa\u00fade de crian\u00e7as e adolescentes menores de 15 anos.<\/p>\n\n\n\n<p>Para receber as vacinas, seguras e aprovadas pela Ag\u00eancia Nacional de Vigil\u00e2ncia Sanit\u00e1ria (Anvisa), o p\u00fablico-alvo dever\u00e1 apresentar a caderneta vacinal no ato da imuniza\u00e7\u00e3o. Crian\u00e7as devem comparecer aos locais de vacina\u00e7\u00e3o acompanhadas dos pais ou respons\u00e1vel.<\/p>\n\n\n\n<p>Assessoria<\/p>\n","protected":false},"excerpt":{"rendered":"<p>Seguindo a recomenda\u00e7\u00e3o feita pelo Minist\u00e9rio da Sa\u00fade, a Ger\u00eancia de Imuniza\u00e7\u00e3o da Secretaria Municipal de Sa\u00fade<\/p>\n","protected":false},"author":1,"featured_media":18947,"comment_status":"open","ping_status":"open","sticky":false,"template":"","format":"standard","meta":{"footnotes":""},"categories":[60],"tags":[],"class_list":["post-18946","post","type-post","status-publish","format-standard","has-post-thumbnail","hentry","category-capa"],"_links":{"self":[{"href":"https:\/\/4cantosalagoas.com.br\/portal\/wp-json\/wp\/v2\/posts\/18946","targetHints":{"allow":["GET"]}}],"collection":[{"href":"https:\/\/4cantosalagoas.com.br\/portal\/wp-json\/wp\/v2\/posts"}],"about":[{"href":"https:\/\/4cantosalagoas.com.br\/portal\/wp-json\/wp\/v2\/types\/post"}],"author":[{"embeddable":true,"href":"https:\/\/4cantosalagoas.com.br\/portal\/wp-json\/wp\/v2\/users\/1"}],"replies":[{"embeddable":true,"href":"https:\/\/4cantosalagoas.com.br\/portal\/wp-json\/wp\/v2\/comments?post=18946"}],"version-history":[{"count":1,"href":"https:\/\/4cantosalagoas.com.br\/portal\/wp-json\/wp\/v2\/posts\/18946\/revisions"}],"predecessor-version":[{"id":18948,"href":"https:\/\/4cantosalagoas.com.br\/portal\/wp-json\/wp\/v2\/posts\/18946\/revisions\/18948"}],"wp:featuredmedia":[{"embeddable":true,"href":"https:\/\/4cantosalagoas.com.br\/portal\/wp-json\/wp\/v2\/media\/18947"}],"wp:attachment":[{"href":"https:\/\/4cantosalagoas.com.br\/portal\/wp-json\/wp\/v2\/media?parent=18946"}],"wp:term":[{"taxonomy":"category","embeddable":true,"href":"https:\/\/4cantosalagoas.com.br\/portal\/wp-json\/wp\/v2\/categories?post=18946"},{"taxonomy":"post_tag","embeddable":true,"href":"https:\/\/4cantosalagoas.com.br\/portal\/wp-json\/wp\/v2\/tags?post=18946"}],"curies":[{"name":"wp","href":"https:\/\/api.w.org\/{rel}","templated":true}]}}