{"id":18944,"date":"2022-09-09T06:31:29","date_gmt":"2022-09-09T09:31:29","guid":{"rendered":"http:\/\/4cantosalagoas.com.br\/portal\/?p=18944"},"modified":"2022-09-08T18:27:37","modified_gmt":"2022-09-08T21:27:37","slug":"lei-orcamentaria-anual-primeira-audiencia-publica-acontece-neste-sabado-10","status":"publish","type":"post","link":"https:\/\/4cantosalagoas.com.br\/portal\/lei-orcamentaria-anual-primeira-audiencia-publica-acontece-neste-sabado-10\/","title":{"rendered":"Lei Or\u00e7ament\u00e1ria Anual: primeira audi\u00eancia p\u00fablica acontece neste s\u00e1bado (10)"},"content":{"rendered":"\n<figure class=\"wp-block-image\"><img fetchpriority=\"high\" decoding=\"async\" width=\"850\" height=\"560\" src=\"http:\/\/4cantosalagoas.com.br\/portal\/wp-content\/uploads\/2022\/08\/prefeitura-1.png\" alt=\"\" class=\"wp-image-18687\" srcset=\"https:\/\/4cantosalagoas.com.br\/portal\/wp-content\/uploads\/2022\/08\/prefeitura-1.png 850w, https:\/\/4cantosalagoas.com.br\/portal\/wp-content\/uploads\/2022\/08\/prefeitura-1-300x198.png 300w, https:\/\/4cantosalagoas.com.br\/portal\/wp-content\/uploads\/2022\/08\/prefeitura-1-768x506.png 768w\" sizes=\"(max-width: 850px) 100vw, 850px\" \/><figcaption>Sede da Prefeitura de Macei\u00f3, em Jaragu\u00e1. Foto: Secom Macei\u00f3 <\/figcaption><\/figure>\n\n\n\n<p>A Prefeitura de Macei\u00f3, por meio da Secretaria Municipal de Economia (SEMEC), se prepara para a realiza\u00e7\u00e3o das audi\u00eancias p\u00fablicas de elabora\u00e7\u00e3o da Lei Or\u00e7ament\u00e1ria Anual (LOA) de 2023. A primeira audi\u00eancia acontece neste s\u00e1bado (10), \u00e0s 14h30, na faculdade SEUNE, na Avenida Dom Ant\u00f4nio Brand\u00e3o, no Farol, e ser\u00e1 aberta a moradores, lideran\u00e7as comunit\u00e1rias, representantes e associa\u00e7\u00f5es de bairros.<\/p>\n\n\n\n<p>As audi\u00eancias t\u00eam como objetivo reunir a popula\u00e7\u00e3o, divididas por bairros e regi\u00f5es administrativas, para ouvir as principais demandas para a cidade e, assim, definir a programa\u00e7\u00e3o da LOA para o ano de 2023.<\/p>\n\n\n\n<p>A Lei Or\u00e7ament\u00e1ria Anual \u00e9 uma das pe\u00e7as de planejamento previstas na Lei Org\u00e2nica do Munic\u00edpio e diz respeito a todos os maceioenses, pois gera impactos diretos na vida da popula\u00e7\u00e3o, sendo um instrumento legal utilizado pela Prefeitura para demonstrar a estimativa de arrecada\u00e7\u00e3o de recursos (receita de impostos, tais como IPTU, ISS, ITBI, entre outros).<\/p>\n\n\n\n<p>Ela tamb\u00e9m fixa a previs\u00e3o de gastos em obras e servi\u00e7os p\u00fablicos (como sa\u00fade, educa\u00e7\u00e3o, infraestrutura, transporte, ilumina\u00e7\u00e3o) em um exerc\u00edcio financeiro, atuando como um instrumento que vai converter em realidade as reivindica\u00e7\u00f5es da popula\u00e7\u00e3o, definindo gastos conforme os recursos que a Prefeitura arrecada a cada ano.<\/p>\n\n\n\n<p>A LOA deve ser elaborada respeitando as a\u00e7\u00f5es que foram definidas para o Plano Plurianual (PPA) do Munic\u00edpio para o per\u00edodo de quatro anos e considera os par\u00e2metros decididos pela Lei de Diretrizes Or\u00e7ament\u00e1rias (LDO) para o pr\u00f3ximo exerc\u00edcio.<\/p>\n\n\n\n<p>A audi\u00eancia p\u00fablica deste s\u00e1bado contempla as Regi\u00f5es Administrativas 2, 3 e 4 compostas pelos bairros Vergel do Lago, Levada, Ponta Grossa, Trapiche da Barra, Prado, Centro, Pontal da Barra, Santo Amaro, Pinheiro, Farol, Pitanguinha, Ouro Preto, Jardim Petr\u00f3polis, Cana\u00e3, Ouro Preto, Rio Novo, Fern\u00e3o Velho, Santa Am\u00e9lia, Petr\u00f3polis, Ch\u00e3 da Jaqueira, Ch\u00e3 do Bebedouro, Mutange e Bom Parto.<\/p>\n\n\n\n<p>Esta ser\u00e1 a primeira vez, em dois anos, que as audi\u00eancias da LOA ser\u00e3o realizadas no modo presencial, algo que n\u00e3o acontecia desde o in\u00edcio da pandemia da Covid-19 e a suspens\u00e3o dos eventos abertos ao p\u00fablico.<\/p>\n\n\n\n<p>A expectativa \u00e9 que a popula\u00e7\u00e3o compare\u00e7a \u00e0 audi\u00eancia, contribuindo para a constru\u00e7\u00e3o desta etapa fundamental do planejamento or\u00e7ament\u00e1rio do Munic\u00edpio.<\/p>\n\n\n\n<p>Assessoria<\/p>\n","protected":false},"excerpt":{"rendered":"<p>A Prefeitura de Macei\u00f3, por meio da Secretaria Municipal de Economia (SEMEC), se prepara para a realiza\u00e7\u00e3o<\/p>\n","protected":false},"author":1,"featured_media":18687,"comment_status":"open","ping_status":"open","sticky":false,"template":"","format":"standard","meta":{"footnotes":""},"categories":[60],"tags":[],"class_list":["post-18944","post","type-post","status-publish","format-standard","has-post-thumbnail","hentry","category-capa"],"_links":{"self":[{"href":"https:\/\/4cantosalagoas.com.br\/portal\/wp-json\/wp\/v2\/posts\/18944","targetHints":{"allow":["GET"]}}],"collection":[{"href":"https:\/\/4cantosalagoas.com.br\/portal\/wp-json\/wp\/v2\/posts"}],"about":[{"href":"https:\/\/4cantosalagoas.com.br\/portal\/wp-json\/wp\/v2\/types\/post"}],"author":[{"embeddable":true,"href":"https:\/\/4cantosalagoas.com.br\/portal\/wp-json\/wp\/v2\/users\/1"}],"replies":[{"embeddable":true,"href":"https:\/\/4cantosalagoas.com.br\/portal\/wp-json\/wp\/v2\/comments?post=18944"}],"version-history":[{"count":1,"href":"https:\/\/4cantosalagoas.com.br\/portal\/wp-json\/wp\/v2\/posts\/18944\/revisions"}],"predecessor-version":[{"id":18945,"href":"https:\/\/4cantosalagoas.com.br\/portal\/wp-json\/wp\/v2\/posts\/18944\/revisions\/18945"}],"wp:featuredmedia":[{"embeddable":true,"href":"https:\/\/4cantosalagoas.com.br\/portal\/wp-json\/wp\/v2\/media\/18687"}],"wp:attachment":[{"href":"https:\/\/4cantosalagoas.com.br\/portal\/wp-json\/wp\/v2\/media?parent=18944"}],"wp:term":[{"taxonomy":"category","embeddable":true,"href":"https:\/\/4cantosalagoas.com.br\/portal\/wp-json\/wp\/v2\/categories?post=18944"},{"taxonomy":"post_tag","embeddable":true,"href":"https:\/\/4cantosalagoas.com.br\/portal\/wp-json\/wp\/v2\/tags?post=18944"}],"curies":[{"name":"wp","href":"https:\/\/api.w.org\/{rel}","templated":true}]}}