{"id":18906,"date":"2022-09-05T09:16:40","date_gmt":"2022-09-05T12:16:40","guid":{"rendered":"http:\/\/4cantosalagoas.com.br\/portal\/?p=18906"},"modified":"2022-09-05T09:16:41","modified_gmt":"2022-09-05T12:16:41","slug":"confira-o-horario-de-funcionamento-de-feiras-e-mercados-no-dia-da-independencia-do-brasil","status":"publish","type":"post","link":"https:\/\/4cantosalagoas.com.br\/portal\/confira-o-horario-de-funcionamento-de-feiras-e-mercados-no-dia-da-independencia-do-brasil\/","title":{"rendered":"Confira o hor\u00e1rio de funcionamento de feiras e mercados no Dia da Independ\u00eancia do Brasil"},"content":{"rendered":"\n<figure class=\"wp-block-image\"><img fetchpriority=\"high\" decoding=\"async\" width=\"850\" height=\"560\" src=\"http:\/\/4cantosalagoas.com.br\/portal\/wp-content\/uploads\/2022\/09\/12-08-22-Reforma-dos-banheiros-Mercado-da-producao-Mercado-do-Jacintinho-SEMTABES-Foto-Celio-Junior-27-1.jpg\" alt=\"\" class=\"wp-image-18907\" srcset=\"https:\/\/4cantosalagoas.com.br\/portal\/wp-content\/uploads\/2022\/09\/12-08-22-Reforma-dos-banheiros-Mercado-da-producao-Mercado-do-Jacintinho-SEMTABES-Foto-Celio-Junior-27-1.jpg 850w, https:\/\/4cantosalagoas.com.br\/portal\/wp-content\/uploads\/2022\/09\/12-08-22-Reforma-dos-banheiros-Mercado-da-producao-Mercado-do-Jacintinho-SEMTABES-Foto-Celio-Junior-27-1-300x198.jpg 300w, https:\/\/4cantosalagoas.com.br\/portal\/wp-content\/uploads\/2022\/09\/12-08-22-Reforma-dos-banheiros-Mercado-da-producao-Mercado-do-Jacintinho-SEMTABES-Foto-Celio-Junior-27-1-768x506.jpg 768w\" sizes=\"(max-width: 850px) 100vw, 850px\" \/><figcaption> <br><em>Foto: C\u00e9lio Junior\/Secom Macei\u00f3<\/em> <\/figcaption><\/figure>\n\n\n\n<p>A Secretaria Municipal do Trabalho, Abastecimento e Economia Solid\u00e1ria (Semtabes) informa os hor\u00e1rios de funcionamento para mercados p\u00fablicos, feiras livres, Centro Pesqueiro e Shoppings Populares para o feriado nacional da Independ\u00eancia do Brasil, que ser\u00e1 nesta quarta-feira, 7 de setembro.&nbsp;<\/p>\n\n\n\n<p><strong>Confira:<\/strong><\/p>\n\n\n\n<p><strong>Mercado e feira do Tabuleiro:<\/strong>&nbsp;funcionamento normal, das 5h \u00e0s 15h;<\/p>\n\n\n\n<p><strong>Mercado e feira do Jacintinho:&nbsp;<\/strong>funcionamento normal, das 5h \u00e0s 14h (mercado p\u00fablico) e das 5h \u00e0s 17h (feira livre);<\/p>\n\n\n\n<p><strong>Mercado e feira do Benedito Bentes:&nbsp;<\/strong>funcionamento normal, das 5h \u00e0s 16h (mercado p\u00fablico) e das 5h \u00e0s 16h (feira livre);<\/p>\n\n\n\n<p><strong>Mercado e Shopping Popular dos Caet\u00e9s:<\/strong>&nbsp;funcionamento normal, das 6h \u00e0s 15h (mercado p\u00fablico) e das 10h \u00e0s 19h (Shopping Popular);<\/p>\n\n\n\n<p><strong>Mercado do Jaragu\u00e1:<\/strong>&nbsp;funcionamento normal, das 6h \u00e0s 16h;<\/p>\n\n\n\n<p><strong>Mercado do Artesanato:&nbsp;<\/strong>das 7h \u00e0s 14h;<\/p>\n\n\n\n<p><strong>Mercado da Produ\u00e7\u00e3o:&nbsp;<\/strong>das 5h \u00e0s 13h;<\/p>\n\n\n\n<p><strong>Centro Pesqueiro:&nbsp;<\/strong>das 7h \u00e0s 13h;<\/p>\n\n\n\n<p><strong>Feira da Jati\u00faca:<\/strong>&nbsp;das 7h \u00e0s 13h;<\/p>\n\n\n\n<p><strong>Shopping Popular (Centro):<\/strong>&nbsp;fechado.&nbsp;<\/p>\n\n\n\n<p>O hor\u00e1rio de funcionamento para a quarta (07) das demais feiras livres ser\u00e1 de acordo com os mercados p\u00fablicos aos quais est\u00e3o vinculadas administrativamente.\u00a0<\/p>\n\n\n\n<p>Assessoria<\/p>\n","protected":false},"excerpt":{"rendered":"<p>A Secretaria Municipal do Trabalho, Abastecimento e Economia Solid\u00e1ria (Semtabes) informa os hor\u00e1rios de funcionamento para mercados<\/p>\n","protected":false},"author":1,"featured_media":18907,"comment_status":"open","ping_status":"open","sticky":false,"template":"","format":"standard","meta":{"footnotes":""},"categories":[60],"tags":[],"class_list":["post-18906","post","type-post","status-publish","format-standard","has-post-thumbnail","hentry","category-capa"],"_links":{"self":[{"href":"https:\/\/4cantosalagoas.com.br\/portal\/wp-json\/wp\/v2\/posts\/18906","targetHints":{"allow":["GET"]}}],"collection":[{"href":"https:\/\/4cantosalagoas.com.br\/portal\/wp-json\/wp\/v2\/posts"}],"about":[{"href":"https:\/\/4cantosalagoas.com.br\/portal\/wp-json\/wp\/v2\/types\/post"}],"author":[{"embeddable":true,"href":"https:\/\/4cantosalagoas.com.br\/portal\/wp-json\/wp\/v2\/users\/1"}],"replies":[{"embeddable":true,"href":"https:\/\/4cantosalagoas.com.br\/portal\/wp-json\/wp\/v2\/comments?post=18906"}],"version-history":[{"count":1,"href":"https:\/\/4cantosalagoas.com.br\/portal\/wp-json\/wp\/v2\/posts\/18906\/revisions"}],"predecessor-version":[{"id":18908,"href":"https:\/\/4cantosalagoas.com.br\/portal\/wp-json\/wp\/v2\/posts\/18906\/revisions\/18908"}],"wp:featuredmedia":[{"embeddable":true,"href":"https:\/\/4cantosalagoas.com.br\/portal\/wp-json\/wp\/v2\/media\/18907"}],"wp:attachment":[{"href":"https:\/\/4cantosalagoas.com.br\/portal\/wp-json\/wp\/v2\/media?parent=18906"}],"wp:term":[{"taxonomy":"category","embeddable":true,"href":"https:\/\/4cantosalagoas.com.br\/portal\/wp-json\/wp\/v2\/categories?post=18906"},{"taxonomy":"post_tag","embeddable":true,"href":"https:\/\/4cantosalagoas.com.br\/portal\/wp-json\/wp\/v2\/tags?post=18906"}],"curies":[{"name":"wp","href":"https:\/\/api.w.org\/{rel}","templated":true}]}}