{"id":18839,"date":"2022-08-26T07:12:25","date_gmt":"2022-08-26T10:12:25","guid":{"rendered":"http:\/\/4cantosalagoas.com.br\/portal\/?p=18839"},"modified":"2022-08-25T17:53:31","modified_gmt":"2022-08-25T20:53:31","slug":"abrigo-de-onibus-na-avenida-fernandes-lima-sera-alterado","status":"publish","type":"post","link":"https:\/\/4cantosalagoas.com.br\/portal\/abrigo-de-onibus-na-avenida-fernandes-lima-sera-alterado\/","title":{"rendered":"Abrigo de \u00f4nibus na Avenida Fernandes Lima ser\u00e1 alterado"},"content":{"rendered":"\n<figure class=\"wp-block-image\"><img fetchpriority=\"high\" decoding=\"async\" width=\"845\" height=\"560\" src=\"http:\/\/4cantosalagoas.com.br\/portal\/wp-content\/uploads\/2022\/08\/25-08-22-Mudanca-De-Abrigo-De-Onibus-na-Gruta-de-Lourdes-SMTT-Por-Evinho-Silva-13.jpg\" alt=\"\" class=\"wp-image-18840\" srcset=\"https:\/\/4cantosalagoas.com.br\/portal\/wp-content\/uploads\/2022\/08\/25-08-22-Mudanca-De-Abrigo-De-Onibus-na-Gruta-de-Lourdes-SMTT-Por-Evinho-Silva-13.jpg 845w, https:\/\/4cantosalagoas.com.br\/portal\/wp-content\/uploads\/2022\/08\/25-08-22-Mudanca-De-Abrigo-De-Onibus-na-Gruta-de-Lourdes-SMTT-Por-Evinho-Silva-13-300x199.jpg 300w, https:\/\/4cantosalagoas.com.br\/portal\/wp-content\/uploads\/2022\/08\/25-08-22-Mudanca-De-Abrigo-De-Onibus-na-Gruta-de-Lourdes-SMTT-Por-Evinho-Silva-13-768x509.jpg 768w\" sizes=\"(max-width: 845px) 100vw, 845px\" \/><figcaption> <br><em>Parada de \u00f4nibus ser\u00e1 realocada para a cal\u00e7ada da Defensoria P\u00fablica Estadual. Foto: Evinho Silva\/Ascom SMTT<\/em> <\/figcaption><\/figure>\n\n\n\n<p> A Superintend\u00eancia Municipal de Transportes e Tr\u00e2nsito (SMTT) de Macei\u00f3 informa que um abrigo de \u00f4nibus situado na Avenida Fernandes Lima ser\u00e1 realocado a partir da pr\u00f3xima semana. A parada fica pr\u00f3xima \u00e0 Farm\u00e1cia Pague Menos, sentido parte alta da cidade (conforme a foto abaixo). A previs\u00e3o \u00e9 que j\u00e1 na quarta-feira (31), dependendo da conclus\u00e3o dos trabalhos, o ponto comece a funcionar na cal\u00e7ada da Defensoria P\u00fablica do Estado. <\/p>\n\n\n\n<p>Com a mudan\u00e7a, o ponto ficar\u00e1 100 metros mais pr\u00f3ximo da faixa para a travessia de pedestres e tamb\u00e9m diminuir\u00e1 a dist\u00e2ncia entre a parada de \u00f4nibus e as institui\u00e7\u00f5es de sa\u00fade que ficam na regi\u00e3o. O abrigo ser\u00e1 ainda um ponto intermedi\u00e1rio entre o Hospital Veredas e outros estabelecimentos comerciais.<\/p>\n\n\n\n<p>A altera\u00e7\u00e3o acontece a partir de estudos t\u00e9cnicos da Assessoria de Projetos de Pontos de Parada e Abrigos.<\/p>\n\n\n\n<p>A diretora do Sistema Integrado de Mobilidade de Macei\u00f3 (SIMM), Paula Isanelle, informou que as interven\u00e7\u00f5es que ser\u00e3o realizadas s\u00e3o necess\u00e1rias para o melhor acolhimento dos usu\u00e1rios do transporte p\u00fablico de Macei\u00f3.<\/p>\n\n\n\n<p>&#8220;A mudan\u00e7a foi pensada para beneficiar os usu\u00e1rios, que ficar\u00e3o mais pr\u00f3ximos da faixa para pedestres que fica na regi\u00e3o, do acesso \u00e0s ruas onde ficam hospitais e outros empreendimentos e tamb\u00e9m da pr\u00f3pria Defensoria P\u00fablica, \u00f3rg\u00e3o essencial para o atendimento jur\u00eddico gratuito para \u00e0queles que n\u00e3o disp\u00f5em de condi\u00e7\u00e3o de contratar os servi\u00e7os&#8221;, explicou.<\/p>\n\n\n\n<p><strong>A mudan\u00e7a seguir\u00e1 o seguinte cronograma:<\/strong><\/p>\n\n\n\n<p><strong>Sexta-feira (26):<\/strong>&nbsp;in\u00edcio da instala\u00e7\u00e3o do ponto e do abrigo no novo local (Defensoria P\u00fablica do Estado)<\/p>\n\n\n\n<p><strong>Entre a sexta e a ter\u00e7a-feira (30)<\/strong>: o ponto situado em frente \u00e0 Justi\u00e7a Eleitoral continuar\u00e1 ativo<\/p>\n\n\n\n<p><strong>Quarta-feira (31)<\/strong>: com a conclus\u00e3o da mudan\u00e7a, os \u00f4nibus ir\u00e3o parar j\u00e1 no novo ponto<\/p>\n\n\n\n<figure class=\"wp-block-image\"><a href=\"https:\/\/maceioalgovbr.dhost.cloud\/uploads\/imagens\/25-08-22-Mudanca-De-Abrigo-De-Onibus-na-Gruta-de-Lourdes-SMTT-Por-Evinho-Silva-7.jpg\"><img decoding=\"async\" src=\"https:\/\/maceioalgovbr.dhost.cloud\/uploads\/imagens\/_845x560_crop_center-center_none\/25-08-22-Mudanca-De-Abrigo-De-Onibus-na-Gruta-de-Lourdes-SMTT-Por-Evinho-Silva-7.jpg\" alt=\"Previs\u00e3o \u00e9 que j\u00e1 na quarta-feira (31), o ponto comece a funcionar na cal\u00e7ada da Defensoria P\u00fablica do Estado. Foto: Evinho Silva (Ascom SMTT).\"\/><\/a><figcaption>Previs\u00e3o \u00e9 que j\u00e1 na quarta-feira (31), o ponto comece a funcionar na cal\u00e7ada da Defensoria P\u00fablica do Estado. Foto: Evinho Silva (Ascom SMTT).<\/figcaption><\/figure>\n\n\n\n<p>De s\u00e1bado a ter\u00e7a-feira, fiscais de transporte ser\u00e3o colocados na regi\u00e3o para orientar os usu\u00e1rios sobre a mudan\u00e7a.<\/p>\n\n\n\n<p>&#8220;Teremos fiscais na regi\u00e3o durante a implanta\u00e7\u00e3o e tamb\u00e9m ap\u00f3s a mudan\u00e7a, j\u00e1 para que as pessoas fiquem por dentro da altera\u00e7\u00e3o&#8221;, ressaltou o diretor de Opera\u00e7\u00f5es de Mobilidade da SMTT, coronel C\u00edcero Silva.<\/p>\n\n\n\n<p>Assessoria<\/p>\n","protected":false},"excerpt":{"rendered":"<p>A Superintend\u00eancia Municipal de Transportes e Tr\u00e2nsito (SMTT) de Macei\u00f3 informa que um abrigo de \u00f4nibus situado<\/p>\n","protected":false},"author":1,"featured_media":18840,"comment_status":"open","ping_status":"open","sticky":false,"template":"","format":"standard","meta":{"footnotes":""},"categories":[60],"tags":[],"class_list":["post-18839","post","type-post","status-publish","format-standard","has-post-thumbnail","hentry","category-capa"],"_links":{"self":[{"href":"https:\/\/4cantosalagoas.com.br\/portal\/wp-json\/wp\/v2\/posts\/18839","targetHints":{"allow":["GET"]}}],"collection":[{"href":"https:\/\/4cantosalagoas.com.br\/portal\/wp-json\/wp\/v2\/posts"}],"about":[{"href":"https:\/\/4cantosalagoas.com.br\/portal\/wp-json\/wp\/v2\/types\/post"}],"author":[{"embeddable":true,"href":"https:\/\/4cantosalagoas.com.br\/portal\/wp-json\/wp\/v2\/users\/1"}],"replies":[{"embeddable":true,"href":"https:\/\/4cantosalagoas.com.br\/portal\/wp-json\/wp\/v2\/comments?post=18839"}],"version-history":[{"count":1,"href":"https:\/\/4cantosalagoas.com.br\/portal\/wp-json\/wp\/v2\/posts\/18839\/revisions"}],"predecessor-version":[{"id":18841,"href":"https:\/\/4cantosalagoas.com.br\/portal\/wp-json\/wp\/v2\/posts\/18839\/revisions\/18841"}],"wp:featuredmedia":[{"embeddable":true,"href":"https:\/\/4cantosalagoas.com.br\/portal\/wp-json\/wp\/v2\/media\/18840"}],"wp:attachment":[{"href":"https:\/\/4cantosalagoas.com.br\/portal\/wp-json\/wp\/v2\/media?parent=18839"}],"wp:term":[{"taxonomy":"category","embeddable":true,"href":"https:\/\/4cantosalagoas.com.br\/portal\/wp-json\/wp\/v2\/categories?post=18839"},{"taxonomy":"post_tag","embeddable":true,"href":"https:\/\/4cantosalagoas.com.br\/portal\/wp-json\/wp\/v2\/tags?post=18839"}],"curies":[{"name":"wp","href":"https:\/\/api.w.org\/{rel}","templated":true}]}}