{"id":1866,"date":"2018-03-22T06:55:52","date_gmt":"2018-03-22T09:55:52","guid":{"rendered":"http:\/\/4cantosalagoas.com.br\/portal\/?p=1866"},"modified":"2018-03-22T07:00:37","modified_gmt":"2018-03-22T10:00:37","slug":"semaforos-da-via-ferrea-serao-sincronizados-com-o-vlt-esta-quinta-feira-22","status":"publish","type":"post","link":"https:\/\/4cantosalagoas.com.br\/portal\/semaforos-da-via-ferrea-serao-sincronizados-com-o-vlt-esta-quinta-feira-22\/","title":{"rendered":"Sem\u00e1foros da via f\u00e9rrea ser\u00e3o sincronizados com o VLT nesta quinta-feira (22)"},"content":{"rendered":"<figure id=\"attachment_1867\" aria-describedby=\"caption-attachment-1867\" style=\"width: 300px\" class=\"wp-caption alignleft\"><img fetchpriority=\"high\" decoding=\"async\" class=\"size-medium wp-image-1867\" src=\"http:\/\/4cantosalagoas.com.br\/portal\/wp-content\/uploads\/2018\/03\/siavrst-300x200.jpg\" alt=\"\" width=\"300\" height=\"200\" srcset=\"https:\/\/4cantosalagoas.com.br\/portal\/wp-content\/uploads\/2018\/03\/siavrst-300x200.jpg 300w, https:\/\/4cantosalagoas.com.br\/portal\/wp-content\/uploads\/2018\/03\/siavrst-768x512.jpg 768w, https:\/\/4cantosalagoas.com.br\/portal\/wp-content\/uploads\/2018\/03\/siavrst.jpg 1024w, https:\/\/4cantosalagoas.com.br\/portal\/wp-content\/uploads\/2018\/03\/siavrst-465x310.jpg 465w, https:\/\/4cantosalagoas.com.br\/portal\/wp-content\/uploads\/2018\/03\/siavrst-695x464.jpg 695w\" sizes=\"(max-width: 300px) 100vw, 300px\" \/><figcaption id=\"caption-attachment-1867\" class=\"wp-caption-text\">Sinaliza\u00e7\u00e3o na via f\u00e9rrea. Foto: Pei Fon\/ Secom Macei\u00f3<\/figcaption><\/figure>\n<p>Reda\u00e7\u00e3o com Assessoria<\/p>\n<p>A Superintend\u00eancia Municipal de Transportes e Tr\u00e2nsito (SMTT) informa que a instala\u00e7\u00e3o dos controladores de sem\u00e1foro doados pela Companhia Brasileira de Trens Urbanos (CBTU), para sincronizar a sinaliza\u00e7\u00e3o com a opera\u00e7\u00e3o do Ve\u00edculo Leve sobre Trilhos (VLT) nas proximidades da linha f\u00e9rrea, est\u00e1 prevista para esta quinta-feira (22).<\/p>\n<p>De acordo com a equipe de obras vi\u00e1rias da Superintend\u00eancia, o servi\u00e7o de sinaliza\u00e7\u00e3o semaf\u00f3rica e vertical \u2013 placas de sinaliza\u00e7\u00e3o \u2013\u00a0deve ser conclu\u00eddo at\u00e9 a pr\u00f3xima semana.<\/p>\n","protected":false},"excerpt":{"rendered":"<p>Reda\u00e7\u00e3o com Assessoria A Superintend\u00eancia Municipal de Transportes e Tr\u00e2nsito (SMTT) informa que a instala\u00e7\u00e3o dos controladores<\/p>\n","protected":false},"author":1,"featured_media":1867,"comment_status":"open","ping_status":"open","sticky":false,"template":"","format":"standard","meta":{"footnotes":""},"categories":[60],"tags":[],"class_list":["post-1866","post","type-post","status-publish","format-standard","has-post-thumbnail","hentry","category-capa"],"_links":{"self":[{"href":"https:\/\/4cantosalagoas.com.br\/portal\/wp-json\/wp\/v2\/posts\/1866","targetHints":{"allow":["GET"]}}],"collection":[{"href":"https:\/\/4cantosalagoas.com.br\/portal\/wp-json\/wp\/v2\/posts"}],"about":[{"href":"https:\/\/4cantosalagoas.com.br\/portal\/wp-json\/wp\/v2\/types\/post"}],"author":[{"embeddable":true,"href":"https:\/\/4cantosalagoas.com.br\/portal\/wp-json\/wp\/v2\/users\/1"}],"replies":[{"embeddable":true,"href":"https:\/\/4cantosalagoas.com.br\/portal\/wp-json\/wp\/v2\/comments?post=1866"}],"version-history":[{"count":2,"href":"https:\/\/4cantosalagoas.com.br\/portal\/wp-json\/wp\/v2\/posts\/1866\/revisions"}],"predecessor-version":[{"id":1869,"href":"https:\/\/4cantosalagoas.com.br\/portal\/wp-json\/wp\/v2\/posts\/1866\/revisions\/1869"}],"wp:featuredmedia":[{"embeddable":true,"href":"https:\/\/4cantosalagoas.com.br\/portal\/wp-json\/wp\/v2\/media\/1867"}],"wp:attachment":[{"href":"https:\/\/4cantosalagoas.com.br\/portal\/wp-json\/wp\/v2\/media?parent=1866"}],"wp:term":[{"taxonomy":"category","embeddable":true,"href":"https:\/\/4cantosalagoas.com.br\/portal\/wp-json\/wp\/v2\/categories?post=1866"},{"taxonomy":"post_tag","embeddable":true,"href":"https:\/\/4cantosalagoas.com.br\/portal\/wp-json\/wp\/v2\/tags?post=1866"}],"curies":[{"name":"wp","href":"https:\/\/api.w.org\/{rel}","templated":true}]}}