{"id":18637,"date":"2022-07-29T09:51:52","date_gmt":"2022-07-29T12:51:52","guid":{"rendered":"http:\/\/4cantosalagoas.com.br\/portal\/?p=18637"},"modified":"2022-07-29T09:51:55","modified_gmt":"2022-07-29T12:51:55","slug":"onibus-da-vacina-retorna-com-imunizacao-contra-a-covid-19-no-centro-de-maceio","status":"publish","type":"post","link":"https:\/\/4cantosalagoas.com.br\/portal\/onibus-da-vacina-retorna-com-imunizacao-contra-a-covid-19-no-centro-de-maceio\/","title":{"rendered":"\u00d4nibus da Vacina retorna com imuniza\u00e7\u00e3o contra a Covid-19 no Centro de Macei\u00f3"},"content":{"rendered":"\n<figure class=\"wp-block-image\"><img fetchpriority=\"high\" decoding=\"async\" width=\"850\" height=\"560\" src=\"http:\/\/4cantosalagoas.com.br\/portal\/wp-content\/uploads\/2022\/07\/WhatsApp-Image-2022-07-28-at-18.56.11.jpeg\" alt=\"\" class=\"wp-image-18638\" srcset=\"https:\/\/4cantosalagoas.com.br\/portal\/wp-content\/uploads\/2022\/07\/WhatsApp-Image-2022-07-28-at-18.56.11.jpeg 850w, https:\/\/4cantosalagoas.com.br\/portal\/wp-content\/uploads\/2022\/07\/WhatsApp-Image-2022-07-28-at-18.56.11-300x198.jpeg 300w, https:\/\/4cantosalagoas.com.br\/portal\/wp-content\/uploads\/2022\/07\/WhatsApp-Image-2022-07-28-at-18.56.11-768x506.jpeg 768w\" sizes=\"(max-width: 850px) 100vw, 850px\" \/><figcaption> <br><em>Foto: Victor Vercant\/ Ascom SMS<\/em> <\/figcaption><\/figure>\n\n\n\n<p>Sucesso de ades\u00e3o no in\u00edcio da campanha de vacina\u00e7\u00e3o contra a Covid-19 em Macei\u00f3, o \u00d4nibus da Vacina volta \u00e0s atividades nesta sexta-feira (29), no cal\u00e7ad\u00e3o do Centro de Macei\u00f3. O ve\u00edculo vai ficar estacionado em frente \u00e0s lojas Imperador oferecendo imuniza\u00e7\u00e3o contra a Covid-19, de 9h \u00e0s 16h, a todos que passarem pelo local e que estejam precisando atualizar seu cart\u00e3o de vacina.<\/p>\n\n\n\n<p>De acordo com a Gerente de Imuniza\u00e7\u00e3o de Macei\u00f3, Eunice Amorim, a estrutura do \u00f4nibus tem o objetivo de acelerar a imuniza\u00e7\u00e3o contra a Covid-19. \u201cCom a disponibiliza\u00e7\u00e3o da vacina contra a Covid-19 no \u00f4nibus, podemos ir de modo mais f\u00e1cil at\u00e9 aquelas pessoas que por algum motivo n\u00e3o completaram seu ciclo vacinal\u201d, destaca.<\/p>\n\n\n\n<p>O \u00d4nibus da Vacina continua no local no s\u00e1bado (30) e no per\u00edodo de 1 a 6 de agosto, sempre de 9h \u00e0s 16h. J\u00e1 no domingo (31), a estrutura de vacina\u00e7\u00e3o vai at\u00e9 o Mercado da Produ\u00e7\u00e3o, no bairro da Levada, de 8h \u00e0s 13h, estacionando na regi\u00e3o do Mercado do Artesanato.<\/p>\n\n\n\n<p><strong>Sobre o \u00f4nibus<\/strong><\/p>\n\n\n\n<p>A estrutura \u00e9 resultado de uma parceria da Prefeitura de Macei\u00f3 com a Cruz Vermelha Brasileira e conta com o apoio financeiro da Mercedes-Benz e do Governo da Alemanha. Macei\u00f3 foi a primeira cidade da Am\u00e9rica Latina a receber o ve\u00edculo, que foi criado com o intuito de acelerar a imuniza\u00e7\u00e3o contra a Covid-19.<\/p>\n\n\n\n<p>Assessoria<\/p>\n","protected":false},"excerpt":{"rendered":"<p>Sucesso de ades\u00e3o no in\u00edcio da campanha de vacina\u00e7\u00e3o contra a Covid-19 em Macei\u00f3, o \u00d4nibus da<\/p>\n","protected":false},"author":1,"featured_media":18638,"comment_status":"open","ping_status":"open","sticky":false,"template":"","format":"standard","meta":{"footnotes":""},"categories":[60],"tags":[],"class_list":["post-18637","post","type-post","status-publish","format-standard","has-post-thumbnail","hentry","category-capa"],"_links":{"self":[{"href":"https:\/\/4cantosalagoas.com.br\/portal\/wp-json\/wp\/v2\/posts\/18637","targetHints":{"allow":["GET"]}}],"collection":[{"href":"https:\/\/4cantosalagoas.com.br\/portal\/wp-json\/wp\/v2\/posts"}],"about":[{"href":"https:\/\/4cantosalagoas.com.br\/portal\/wp-json\/wp\/v2\/types\/post"}],"author":[{"embeddable":true,"href":"https:\/\/4cantosalagoas.com.br\/portal\/wp-json\/wp\/v2\/users\/1"}],"replies":[{"embeddable":true,"href":"https:\/\/4cantosalagoas.com.br\/portal\/wp-json\/wp\/v2\/comments?post=18637"}],"version-history":[{"count":1,"href":"https:\/\/4cantosalagoas.com.br\/portal\/wp-json\/wp\/v2\/posts\/18637\/revisions"}],"predecessor-version":[{"id":18639,"href":"https:\/\/4cantosalagoas.com.br\/portal\/wp-json\/wp\/v2\/posts\/18637\/revisions\/18639"}],"wp:featuredmedia":[{"embeddable":true,"href":"https:\/\/4cantosalagoas.com.br\/portal\/wp-json\/wp\/v2\/media\/18638"}],"wp:attachment":[{"href":"https:\/\/4cantosalagoas.com.br\/portal\/wp-json\/wp\/v2\/media?parent=18637"}],"wp:term":[{"taxonomy":"category","embeddable":true,"href":"https:\/\/4cantosalagoas.com.br\/portal\/wp-json\/wp\/v2\/categories?post=18637"},{"taxonomy":"post_tag","embeddable":true,"href":"https:\/\/4cantosalagoas.com.br\/portal\/wp-json\/wp\/v2\/tags?post=18637"}],"curies":[{"name":"wp","href":"https:\/\/api.w.org\/{rel}","templated":true}]}}