{"id":18617,"date":"2022-07-27T09:16:48","date_gmt":"2022-07-27T12:16:48","guid":{"rendered":"http:\/\/4cantosalagoas.com.br\/portal\/?p=18617"},"modified":"2022-07-27T09:16:50","modified_gmt":"2022-07-27T12:16:50","slug":"escolas-poderao-se-inscrever-para-participar-de-proposta-de-mostra-cientifica","status":"publish","type":"post","link":"https:\/\/4cantosalagoas.com.br\/portal\/escolas-poderao-se-inscrever-para-participar-de-proposta-de-mostra-cientifica\/","title":{"rendered":"Escolas poder\u00e3o se inscrever para participar de proposta de Mostra Cient\u00edfica"},"content":{"rendered":"\n<figure class=\"wp-block-image\"><img fetchpriority=\"high\" decoding=\"async\" width=\"850\" height=\"560\" src=\"http:\/\/4cantosalagoas.com.br\/portal\/wp-content\/uploads\/2022\/07\/18-05-22-Lancamento-de-foguetes-Estudantes-da-Escola-Pompeu-Sarmento-Jacarecica-SEM-57_2022-07-26-195106_vlco.jpg\" alt=\"\" class=\"wp-image-18618\" srcset=\"https:\/\/4cantosalagoas.com.br\/portal\/wp-content\/uploads\/2022\/07\/18-05-22-Lancamento-de-foguetes-Estudantes-da-Escola-Pompeu-Sarmento-Jacarecica-SEM-57_2022-07-26-195106_vlco.jpg 850w, https:\/\/4cantosalagoas.com.br\/portal\/wp-content\/uploads\/2022\/07\/18-05-22-Lancamento-de-foguetes-Estudantes-da-Escola-Pompeu-Sarmento-Jacarecica-SEM-57_2022-07-26-195106_vlco-300x198.jpg 300w, https:\/\/4cantosalagoas.com.br\/portal\/wp-content\/uploads\/2022\/07\/18-05-22-Lancamento-de-foguetes-Estudantes-da-Escola-Pompeu-Sarmento-Jacarecica-SEM-57_2022-07-26-195106_vlco-768x506.jpg 768w\" sizes=\"(max-width: 850px) 100vw, 850px\" \/><figcaption> <br><em>Mostra cient\u00edfica vai possibilitar que alunos e professores da rede Municipal concorram a bolsas de Iniciativa Cient\u00edfica J\u00fanior. Foto: Arthur Vieira<\/em> <\/figcaption><\/figure>\n\n\n\n<p>Escolas da rede municipal t\u00eam at\u00e9 esta quarta-feira, 27, para se inscrever na sele\u00e7\u00e3o simplificada de Mostra Cient\u00edfica Institucional promovida pela Universidade Federal de Alagoas (Ufal). Para se inscrever, os professores ter\u00e3o que preencher o formul\u00e1rio eletr\u00f4nico, no link ao fim do texto, incluindo o resumo do projeto e observar o tema proposto, dispon\u00edvel no edital.<\/p>\n\n\n\n<p><strong>Inscreva-se aqui neste link&nbsp;<\/strong>&#8211;&nbsp;<a href=\"https:\/\/forms.gle\/NXgS7kbiiuWHLN279\"><strong>https:\/\/forms.gle\/NXgS7kbiiuWHLN279<\/strong><\/a><\/p>\n\n\n\n<p>O projeto cient\u00edfico deve constar ainda, a rela\u00e7\u00e3o com o tema do evento; a quest\u00e3o-problema, o objetivo, a metodologia e o p\u00fablico. Os trabalhos&nbsp; devem ser apresentados, na forma de resumo. O per\u00edodo de realiza\u00e7\u00e3o do projeto \u00e9 de&nbsp;at\u00e9 12 meses, devendo envolver professores e estudantes dos 8\u00ba e 9\u00ba anos do Ensino Fundamental, conforme crit\u00e9rios&nbsp; estabelecidos no edital.&nbsp;<\/p>\n\n\n\n<p>A mostra cient\u00edfica, que acontecer\u00e1 em outubro, promovida pelo Minist\u00e9rio da Ci\u00eancia, Tecnologia e inova\u00e7\u00f5es, vai possibilitar que alunos e professores da rede Municipal, Estadual e Privada apresentem seus projetos e concorram a bolsas de Iniciativa Cient\u00edfica J\u00fanior.<\/p>\n\n\n\n<p>De acordo com o edital, ser\u00e3o selecionados 40&nbsp; projetos cient\u00edficos, sendo dois ter\u00e7os oriundos de escolas p\u00fablicas da rede municipal e estadual de Macei\u00f3 e um ter\u00e7o oriundo das escolas da rede privada da capital.&nbsp;<\/p>\n\n\n\n<p>Para Regina Maria Lima, uma das respons\u00e1veis pelo projeto na Pr\u00f3-Reitoria de Gradua\u00e7\u00e3o, a Prograd, o objetivo da mostra \u00e9 popularizar e propagar conte\u00fados cient\u00edficos vinculados aos Objetivos de Desenvolvimento Sustent\u00e1vel da ONU- ODS. Esses objetivos ainda de acordo com a t\u00e9cnica devem ser cumpridos para a Agenda&nbsp; 2030.<\/p>\n\n\n\n<p>\u201cEsses objetivos&nbsp; s\u00e3o relacionados a tem\u00e1ticas como sa\u00fade e bem-estar, erradica\u00e7\u00e3o da pobreza, redu\u00e7\u00e3o das desigualdades, igualdade de g\u00eanero, inclus\u00e3o social, cidades sustent\u00e1veis, educa\u00e7\u00e3o de qualidade, trabalho decente, dentre outros\u201d, destaca ela.&nbsp;&nbsp;&nbsp;&nbsp;&nbsp;&nbsp;&nbsp;&nbsp;&nbsp;&nbsp;&nbsp;&nbsp;&nbsp;&nbsp;&nbsp;&nbsp;<\/p>\n\n\n\n<p>Ao final da competi\u00e7\u00e3o, tr\u00eas projetos analisados do ponto da relev\u00e2ncia cient\u00edfica, tecnol\u00f3gica, cultural, ambiental e social, ser\u00e3o contemplados com bolsas de incentivo.<\/p>\n\n\n\n<p>Assessoria<\/p>\n","protected":false},"excerpt":{"rendered":"<p>Escolas da rede municipal t\u00eam at\u00e9 esta quarta-feira, 27, para se inscrever na sele\u00e7\u00e3o simplificada de Mostra<\/p>\n","protected":false},"author":1,"featured_media":18618,"comment_status":"open","ping_status":"open","sticky":false,"template":"","format":"standard","meta":{"footnotes":""},"categories":[60],"tags":[],"class_list":["post-18617","post","type-post","status-publish","format-standard","has-post-thumbnail","hentry","category-capa"],"_links":{"self":[{"href":"https:\/\/4cantosalagoas.com.br\/portal\/wp-json\/wp\/v2\/posts\/18617","targetHints":{"allow":["GET"]}}],"collection":[{"href":"https:\/\/4cantosalagoas.com.br\/portal\/wp-json\/wp\/v2\/posts"}],"about":[{"href":"https:\/\/4cantosalagoas.com.br\/portal\/wp-json\/wp\/v2\/types\/post"}],"author":[{"embeddable":true,"href":"https:\/\/4cantosalagoas.com.br\/portal\/wp-json\/wp\/v2\/users\/1"}],"replies":[{"embeddable":true,"href":"https:\/\/4cantosalagoas.com.br\/portal\/wp-json\/wp\/v2\/comments?post=18617"}],"version-history":[{"count":1,"href":"https:\/\/4cantosalagoas.com.br\/portal\/wp-json\/wp\/v2\/posts\/18617\/revisions"}],"predecessor-version":[{"id":18619,"href":"https:\/\/4cantosalagoas.com.br\/portal\/wp-json\/wp\/v2\/posts\/18617\/revisions\/18619"}],"wp:featuredmedia":[{"embeddable":true,"href":"https:\/\/4cantosalagoas.com.br\/portal\/wp-json\/wp\/v2\/media\/18618"}],"wp:attachment":[{"href":"https:\/\/4cantosalagoas.com.br\/portal\/wp-json\/wp\/v2\/media?parent=18617"}],"wp:term":[{"taxonomy":"category","embeddable":true,"href":"https:\/\/4cantosalagoas.com.br\/portal\/wp-json\/wp\/v2\/categories?post=18617"},{"taxonomy":"post_tag","embeddable":true,"href":"https:\/\/4cantosalagoas.com.br\/portal\/wp-json\/wp\/v2\/tags?post=18617"}],"curies":[{"name":"wp","href":"https:\/\/api.w.org\/{rel}","templated":true}]}}