{"id":18599,"date":"2022-07-25T08:58:36","date_gmt":"2022-07-25T11:58:36","guid":{"rendered":"http:\/\/4cantosalagoas.com.br\/portal\/?p=18599"},"modified":"2022-07-25T08:58:39","modified_gmt":"2022-07-25T11:58:39","slug":"fabio-ferrario-toma-posse-no-tjal-nesta-segunda-feira-25","status":"publish","type":"post","link":"https:\/\/4cantosalagoas.com.br\/portal\/fabio-ferrario-toma-posse-no-tjal-nesta-segunda-feira-25\/","title":{"rendered":"F\u00e1bio Ferrario toma posse no TJAL nesta segunda-feira (25)"},"content":{"rendered":"\n<figure class=\"wp-block-image\"><img fetchpriority=\"high\" decoding=\"async\" width=\"1000\" height=\"570\" src=\"http:\/\/4cantosalagoas.com.br\/portal\/wp-content\/uploads\/2022\/07\/0141c798a5ba3ead24f340a06548e16c.jpg\" alt=\"\" class=\"wp-image-18600\" srcset=\"https:\/\/4cantosalagoas.com.br\/portal\/wp-content\/uploads\/2022\/07\/0141c798a5ba3ead24f340a06548e16c.jpg 1000w, https:\/\/4cantosalagoas.com.br\/portal\/wp-content\/uploads\/2022\/07\/0141c798a5ba3ead24f340a06548e16c-300x171.jpg 300w, https:\/\/4cantosalagoas.com.br\/portal\/wp-content\/uploads\/2022\/07\/0141c798a5ba3ead24f340a06548e16c-768x438.jpg 768w\" sizes=\"(max-width: 1000px) 100vw, 1000px\" \/><figcaption>Assessoria<\/figcaption><\/figure>\n\n\n\n<p>O advogado F\u00e1bio Costa de Almeida Ferrario toma posse como desembargador do Tribunal de Justi\u00e7a de Alagoas (TJAL), nesta segunda-feira (25), \u00e0s 16h. A solenidade ser\u00e1 transmitida pelas redes sociais do TJAL.<\/p>\n\n\n\n<p>F\u00e1bio Ferrario ingressa na Corte pelo crit\u00e9rio do Quinto Constitucional, na vaga destinada \u00e0 Ordem dos Advogados do Brasil (OAB\/AL). Ele comp\u00f4s lista tr\u00edplice e foi escolhido pelo governador de Alagoas. O novo desembargador atuar\u00e1 na 4\u00aa C\u00e2mara C\u00edvel do TJAL.<\/p>\n\n\n\n<p>Atuando na advocacia desde 1990, F\u00e1bio Ferrario foi procurador-geral da Assembleia Legislativa do Estado e desempenhou ainda a fun\u00e7\u00e3o de juiz substituto do Tribunal Regional Eleitoral (TRE\/AL), na vaga destinada aos juristas. Foi membro do Conselho Estadual de Seguran\u00e7a (Conseg) e membro fundador do Instituto de Direito Eleitoral de Alagoas (Idea).<br><br><strong>Diretoria de Comunica\u00e7\u00e3o &#8211; Dicom TJAL&nbsp;<\/strong>DS<\/p>\n","protected":false},"excerpt":{"rendered":"<p>O advogado F\u00e1bio Costa de Almeida Ferrario toma posse como desembargador do Tribunal de Justi\u00e7a de Alagoas<\/p>\n","protected":false},"author":1,"featured_media":18600,"comment_status":"open","ping_status":"open","sticky":false,"template":"","format":"standard","meta":{"footnotes":""},"categories":[60],"tags":[],"class_list":["post-18599","post","type-post","status-publish","format-standard","has-post-thumbnail","hentry","category-capa"],"_links":{"self":[{"href":"https:\/\/4cantosalagoas.com.br\/portal\/wp-json\/wp\/v2\/posts\/18599","targetHints":{"allow":["GET"]}}],"collection":[{"href":"https:\/\/4cantosalagoas.com.br\/portal\/wp-json\/wp\/v2\/posts"}],"about":[{"href":"https:\/\/4cantosalagoas.com.br\/portal\/wp-json\/wp\/v2\/types\/post"}],"author":[{"embeddable":true,"href":"https:\/\/4cantosalagoas.com.br\/portal\/wp-json\/wp\/v2\/users\/1"}],"replies":[{"embeddable":true,"href":"https:\/\/4cantosalagoas.com.br\/portal\/wp-json\/wp\/v2\/comments?post=18599"}],"version-history":[{"count":1,"href":"https:\/\/4cantosalagoas.com.br\/portal\/wp-json\/wp\/v2\/posts\/18599\/revisions"}],"predecessor-version":[{"id":18601,"href":"https:\/\/4cantosalagoas.com.br\/portal\/wp-json\/wp\/v2\/posts\/18599\/revisions\/18601"}],"wp:featuredmedia":[{"embeddable":true,"href":"https:\/\/4cantosalagoas.com.br\/portal\/wp-json\/wp\/v2\/media\/18600"}],"wp:attachment":[{"href":"https:\/\/4cantosalagoas.com.br\/portal\/wp-json\/wp\/v2\/media?parent=18599"}],"wp:term":[{"taxonomy":"category","embeddable":true,"href":"https:\/\/4cantosalagoas.com.br\/portal\/wp-json\/wp\/v2\/categories?post=18599"},{"taxonomy":"post_tag","embeddable":true,"href":"https:\/\/4cantosalagoas.com.br\/portal\/wp-json\/wp\/v2\/tags?post=18599"}],"curies":[{"name":"wp","href":"https:\/\/api.w.org\/{rel}","templated":true}]}}