{"id":18596,"date":"2022-07-25T08:07:27","date_gmt":"2022-07-25T11:07:27","guid":{"rendered":"http:\/\/4cantosalagoas.com.br\/portal\/?p=18596"},"modified":"2022-07-25T08:07:30","modified_gmt":"2022-07-25T11:07:30","slug":"maceio-inicia-vacinacao-contra-covid-19-em-criancas-imunocomprometidas-de-3-e-4-anos-de-idade-nesta-segunda-25","status":"publish","type":"post","link":"https:\/\/4cantosalagoas.com.br\/portal\/maceio-inicia-vacinacao-contra-covid-19-em-criancas-imunocomprometidas-de-3-e-4-anos-de-idade-nesta-segunda-25\/","title":{"rendered":"Macei\u00f3 inicia vacina\u00e7\u00e3o contra Covid-19 em crian\u00e7as imunocomprometidas de 3 e 4 anos de idade nesta segunda (25)"},"content":{"rendered":"\n<figure class=\"wp-block-image\"><img fetchpriority=\"high\" decoding=\"async\" width=\"850\" height=\"560\" src=\"http:\/\/4cantosalagoas.com.br\/portal\/wp-content\/uploads\/2022\/07\/17-01-22-Vacinacao-Infantil-Maceio-Shopping-Dra.-Celia-Elder-Maia-SMS-Victor-Vercant-32_2022-07-24-135559_nodq.jpg\" alt=\"\" class=\"wp-image-18597\" srcset=\"https:\/\/4cantosalagoas.com.br\/portal\/wp-content\/uploads\/2022\/07\/17-01-22-Vacinacao-Infantil-Maceio-Shopping-Dra.-Celia-Elder-Maia-SMS-Victor-Vercant-32_2022-07-24-135559_nodq.jpg 850w, https:\/\/4cantosalagoas.com.br\/portal\/wp-content\/uploads\/2022\/07\/17-01-22-Vacinacao-Infantil-Maceio-Shopping-Dra.-Celia-Elder-Maia-SMS-Victor-Vercant-32_2022-07-24-135559_nodq-300x198.jpg 300w, https:\/\/4cantosalagoas.com.br\/portal\/wp-content\/uploads\/2022\/07\/17-01-22-Vacinacao-Infantil-Maceio-Shopping-Dra.-Celia-Elder-Maia-SMS-Victor-Vercant-32_2022-07-24-135559_nodq-768x506.jpg 768w\" sizes=\"(max-width: 850px) 100vw, 850px\" \/><figcaption> <br><em>Foto: Victor Vercant\/SMS<\/em> <\/figcaption><\/figure>\n\n\n\n<p>A partir desta segunda-feira (25), a Prefeitura de Macei\u00f3 iniciar\u00e1 a vacina\u00e7\u00e3o contra a Covid-19 com o uso da Coronavac em crian\u00e7as imunocomprometidas de 3 a 5 anos de idade. A medida segue recomenda\u00e7\u00e3o do Minist\u00e9rio da Sa\u00fade (MS), por meio do Programa Nacional de Imuniza\u00e7\u00f5es (PNI), e foi aprovada pela Ag\u00eancia Nacional de Vigil\u00e2ncia Sanit\u00e1ria (Anvisa).<\/p>\n\n\n\n<p>De acordo com a nota t\u00e9cnica do Minist\u00e9rio da Sa\u00fade, a vacina\u00e7\u00e3o com a Coronavac ser\u00e1 feita de forma gradual. Inicialmente, o imunizante ser\u00e1 destinado apenas para crian\u00e7as imunocomprometidas entre 3 e 4 anos de idade. Em seguida ser\u00e3o as faixas et\u00e1rias de 4 e depois 3 anos de idade. Ainda segundo o MS, n\u00e3o h\u00e1 mais recomenda\u00e7\u00e3o de intervalo entre as vacinas Covid-19 e as demais vacinas do Calend\u00e1rio Nacional de Vacina\u00e7\u00e3o em crian\u00e7as a partir de 3 anos de idade.&nbsp;<\/p>\n\n\n\n<p>\u201cA vacina\u00e7\u00e3o de crian\u00e7as de 3 e 4 anos contra a Covid-19 poder\u00e1 evitar infec\u00e7\u00f5es pelo SARS-CoV-2, hospitaliza\u00e7\u00f5es e \u00f3bitos, al\u00e9m de outras complica\u00e7\u00f5es p\u00f3s-covid. Estudos j\u00e1 demonstraram a efic\u00e1cia e efetividade da vacina Coronavac a partir dos 3 anos de idade e j\u00e1 est\u00e1 autorizada pela Anvisa, ou seja, a vacina \u00e9 segura\u201d, afirma a gerente de Imuniza\u00e7\u00e3o de Macei\u00f3, Eunice Amorim.<\/p>\n\n\n\n<p>O MS orienta, ainda, que estados e munic\u00edpios fa\u00e7am a gest\u00e3o dos quantitativos dispon\u00edveis dessa vacina em seus estoques, com o intuito de garantir a segunda dose com o intervalo de 28 dias, at\u00e9 que os estoques sejam restabelecidos pelo Minist\u00e9rio da Sa\u00fade.<\/p>\n\n\n\n<p>At\u00e9 o momento, Macei\u00f3 aplicou 62.422 doses de vacinas pedi\u00e1tricas contra a Covid-19, alcan\u00e7ando 63,98% da popula\u00e7\u00e3o entre 5 a 11 anos de idade vacinadas com a primeira dose e 36,06% do p\u00fablico infantil totalmente imunizado.<\/p>\n\n\n\n<p><strong>Documenta\u00e7\u00e3o para vacina\u00e7\u00e3o pedi\u00e1trica<\/strong><\/p>\n\n\n\n<p>Para vacinar o p\u00fablico de 3 e 4 anos, \u00e9 necess\u00e1rio que as crian\u00e7as estejam acompanhadas dos pais. Caso a crian\u00e7a esteja acompanhada de outro respons\u00e1vel \u00e9 necess\u00e1rio o preenchimento do Termo de Assentimento para Vacina\u00e7\u00e3o Infantil + c\u00f3pia do documento de identifica\u00e7\u00e3o do pai ou m\u00e3e, o qual ficar\u00e1 retido no ato da vacina\u00e7\u00e3o.<\/p>\n\n\n\n<p>Os respons\u00e1veis devem apresentar o pr\u00f3prio documento de identifica\u00e7\u00e3o com foto e documenta\u00e7\u00e3o da crian\u00e7a, que deve ser RG ou Certid\u00e3o de Nascimento, Caderneta de Vacina\u00e7\u00e3o e CPF ou Cart\u00e3o SUS. Al\u00e9m disso, devem apresentar a prescri\u00e7\u00e3o m\u00e9dica especificando a condi\u00e7\u00e3o de imunossupress\u00e3o conforme descri\u00e7\u00e3o abaixo informada pelo Minist\u00e9rio da Sa\u00fade:<\/p>\n\n\n\n<p><strong>Entende-se por pessoas com alto grau de imunossupress\u00e3o (imunocomprometidos):<\/strong><\/p>\n\n\n\n<p>I &#8211; Imunodefici\u00eancia prim\u00e1ria grave.<\/p>\n\n\n\n<p>II &#8211; Quimioterapia para c\u00e2ncer.<\/p>\n\n\n\n<p>III &#8211; Transplantados de \u00f3rg\u00e3o s\u00f3lido ou de c\u00e9lulas tronco hematopoi\u00e9ticas (TCTH) em uso de drogas imunossupressoras.<\/p>\n\n\n\n<p>IV &#8211; Pessoas vivendo com HIV\/AIDS.<\/p>\n\n\n\n<p>V &#8211; Uso de cortic\u00f3ides em doses \u226520 mg\/dia de prednisona, ou equivalente, por \u226514 dias.<\/p>\n\n\n\n<p>VI &#8211; Uso de drogas modificadoras da resposta imune.<\/p>\n\n\n\n<p>VII &#8211; Auto inflamat\u00f3rias, doen\u00e7as intestinais inflamat\u00f3rias.<\/p>\n\n\n\n<p>VIII &#8211; Pacientes em hemodi\u00e1lise.<\/p>\n\n\n\n<p>IX &#8211; Pacientes com doen\u00e7as imunomediadas inflamat\u00f3rias cr\u00f4nicas.<\/p>\n\n\n\n<p><strong>Pontos fixos<\/strong><\/p>\n\n\n\n<p>Macei\u00f3 Shopping, das 9h \u00e0s 21h, de segunda a s\u00e1bado<\/p>\n\n\n\n<p>P\u00e1tio Shopping &#8211; de segunda a s\u00e1bado das 15h \u00e0s 21h, e domingo das 12h \u00e0s 18h<\/p>\n\n\n\n<p><strong>Unidades de sa\u00fade que atendem crian\u00e7as de 3 a 11 anos<\/strong><\/p>\n\n\n\n<p>II Centro de Sa\u00fade (Pra\u00e7a da Maravilha, Po\u00e7o) &#8211; 09h \u00e0s 16h, de segunda a sexta<\/p>\n\n\n\n<p>USF Cl\u00e1udio Medeiros (Rio Novo) &#8211; 09h \u00e0s 16h, de segunda a sexta<\/p>\n\n\n\n<p>USF Paulo Leal (Feitosa) &#8211; 09h \u00e0s 16h, de segunda a sexta<\/p>\n\n\n\n<p>USF Arthur Ramos (Henrique Equelman) &#8211; 09h \u00e0s 16h, de segunda a sexta<\/p>\n\n\n\n<p>Unidade Docente Assistencial Professor Gilberto de Macedo (UFAL) &#8211; 09h \u00e0s 16h, de segunda a sexta<\/p>\n\n\n\n<p>US Durval Cortez (Prado) &#8211; 09h \u00e0s 20h, de segunda a sexta<\/p>\n\n\n\n<p>USF Ouro Preto &#8211; 09h \u00e0s 16h, de segunda a sexta<\/p>\n\n\n\n<p>Assessoria<\/p>\n","protected":false},"excerpt":{"rendered":"<p>A partir desta segunda-feira (25), a Prefeitura de Macei\u00f3 iniciar\u00e1 a vacina\u00e7\u00e3o contra a Covid-19 com o<\/p>\n","protected":false},"author":1,"featured_media":18597,"comment_status":"open","ping_status":"open","sticky":false,"template":"","format":"standard","meta":{"footnotes":""},"categories":[60],"tags":[],"class_list":["post-18596","post","type-post","status-publish","format-standard","has-post-thumbnail","hentry","category-capa"],"_links":{"self":[{"href":"https:\/\/4cantosalagoas.com.br\/portal\/wp-json\/wp\/v2\/posts\/18596","targetHints":{"allow":["GET"]}}],"collection":[{"href":"https:\/\/4cantosalagoas.com.br\/portal\/wp-json\/wp\/v2\/posts"}],"about":[{"href":"https:\/\/4cantosalagoas.com.br\/portal\/wp-json\/wp\/v2\/types\/post"}],"author":[{"embeddable":true,"href":"https:\/\/4cantosalagoas.com.br\/portal\/wp-json\/wp\/v2\/users\/1"}],"replies":[{"embeddable":true,"href":"https:\/\/4cantosalagoas.com.br\/portal\/wp-json\/wp\/v2\/comments?post=18596"}],"version-history":[{"count":1,"href":"https:\/\/4cantosalagoas.com.br\/portal\/wp-json\/wp\/v2\/posts\/18596\/revisions"}],"predecessor-version":[{"id":18598,"href":"https:\/\/4cantosalagoas.com.br\/portal\/wp-json\/wp\/v2\/posts\/18596\/revisions\/18598"}],"wp:featuredmedia":[{"embeddable":true,"href":"https:\/\/4cantosalagoas.com.br\/portal\/wp-json\/wp\/v2\/media\/18597"}],"wp:attachment":[{"href":"https:\/\/4cantosalagoas.com.br\/portal\/wp-json\/wp\/v2\/media?parent=18596"}],"wp:term":[{"taxonomy":"category","embeddable":true,"href":"https:\/\/4cantosalagoas.com.br\/portal\/wp-json\/wp\/v2\/categories?post=18596"},{"taxonomy":"post_tag","embeddable":true,"href":"https:\/\/4cantosalagoas.com.br\/portal\/wp-json\/wp\/v2\/tags?post=18596"}],"curies":[{"name":"wp","href":"https:\/\/api.w.org\/{rel}","templated":true}]}}