{"id":18588,"date":"2022-07-22T07:51:17","date_gmt":"2022-07-22T10:51:17","guid":{"rendered":"http:\/\/4cantosalagoas.com.br\/portal\/?p=18588"},"modified":"2022-07-22T07:51:20","modified_gmt":"2022-07-22T10:51:20","slug":"otavio-praxedes-se-dedica-exclusivamente-a-justica-eleitoral-a-partir-desta-sexta-22","status":"publish","type":"post","link":"https:\/\/4cantosalagoas.com.br\/portal\/otavio-praxedes-se-dedica-exclusivamente-a-justica-eleitoral-a-partir-desta-sexta-22\/","title":{"rendered":"Ot\u00e1vio Praxedes se dedica exclusivamente \u00e0 Justi\u00e7a Eleitoral a partir desta sexta (22)"},"content":{"rendered":"\n<figure class=\"wp-block-image\"><img fetchpriority=\"high\" decoding=\"async\" width=\"1280\" height=\"859\" src=\"https:\/\/i0.wp.com\/4cantosalagoas.com.br\/portal\/wp-content\/uploads\/2022\/07\/10bb085f878a083d31206b331a7d5aa5.jpg?fit=1024%2C687\" alt=\"\" class=\"wp-image-18589\" srcset=\"https:\/\/4cantosalagoas.com.br\/portal\/wp-content\/uploads\/2022\/07\/10bb085f878a083d31206b331a7d5aa5.jpg 1280w, https:\/\/4cantosalagoas.com.br\/portal\/wp-content\/uploads\/2022\/07\/10bb085f878a083d31206b331a7d5aa5-300x201.jpg 300w, https:\/\/4cantosalagoas.com.br\/portal\/wp-content\/uploads\/2022\/07\/10bb085f878a083d31206b331a7d5aa5-768x515.jpg 768w, https:\/\/4cantosalagoas.com.br\/portal\/wp-content\/uploads\/2022\/07\/10bb085f878a083d31206b331a7d5aa5-1024x687.jpg 1024w\" sizes=\"(max-width: 1280px) 100vw, 1280px\" \/><figcaption> <br>Desembargador Ot\u00e1vio Praxedes retorna \u00e0s atividades no TJAL ap\u00f3s o per\u00edodo eleitoral. Foto: Caio Loureiro <\/figcaption><\/figure>\n\n\n\n<p>O desembargador Ot\u00e1vio Le\u00e3o Praxedes, presidente do Tribunal Regional Eleitoral de Alagoas (TRE\/AL),&nbsp; passa a atuar exclusivamente na Justi\u00e7a Eleitoral a partir desta sexta-feira (22). O juiz H\u00e9lio Pinheiro Pinto foi convocado para substituir o desembargador durante o per\u00edodo eleitoral.<\/p>\n\n\n\n<p>&#8220;N\u00f3s vamos ter elei\u00e7\u00e3o a partir do dia 2 de outubro e havendo possibilidade de ter segundo turno. O TJAL, por recomenda\u00e7\u00e3o do pr\u00f3prio Tribunal Superior Eleitoral (TSE), deliberou pelo meu afastamento para haver uma dedica\u00e7\u00e3o exclusiva ao TRE de Alagoas, ao processo eleitoral&#8221;, comentou o desembargador.<\/p>\n\n\n\n<p>Ot\u00e1vio Praxedes esclareceu que o afastamento \u00e9 uma medida de praxe e destacou que o TRE\/AL est\u00e1 preparado para garantir a realiza\u00e7\u00e3o das elei\u00e7\u00f5es em Alagoas de forma pac\u00edfica,&nbsp; adotando as medidas necess\u00e1rias para assegurar que a democracia prevale\u00e7a.&nbsp;<\/p>\n\n\n\n<p>&#8220;Eu convoco todos os alagoanos para usarem seu poder de voto para decidir a respeito do destino da nossa na\u00e7\u00e3o e enquanto presidente do TRE\/AL gostaria de dizer que vou proceder como sempre fiz na institui\u00e7\u00e3o estadual, com transpar\u00eancia, imparcialidade&#8221;, afirmou.<\/p>\n\n\n\n<p>O desembargador Ot\u00e1vio Praxedes fica afastado das suas fun\u00e7\u00f5es no TJAL at\u00e9 o 5\u00ba dia ap\u00f3s o fim das elei\u00e7\u00f5es.<\/p>\n\n\n\n<p><strong>Diretoria de Comunica\u00e7\u00e3o &#8211; Dicom TJAL<\/strong><\/p>\n","protected":false},"excerpt":{"rendered":"<p>O desembargador Ot\u00e1vio Le\u00e3o Praxedes, presidente do Tribunal Regional Eleitoral de Alagoas (TRE\/AL),&nbsp; passa a atuar exclusivamente<\/p>\n","protected":false},"author":1,"featured_media":18589,"comment_status":"open","ping_status":"open","sticky":false,"template":"","format":"standard","meta":{"footnotes":""},"categories":[60],"tags":[],"class_list":["post-18588","post","type-post","status-publish","format-standard","has-post-thumbnail","hentry","category-capa"],"_links":{"self":[{"href":"https:\/\/4cantosalagoas.com.br\/portal\/wp-json\/wp\/v2\/posts\/18588","targetHints":{"allow":["GET"]}}],"collection":[{"href":"https:\/\/4cantosalagoas.com.br\/portal\/wp-json\/wp\/v2\/posts"}],"about":[{"href":"https:\/\/4cantosalagoas.com.br\/portal\/wp-json\/wp\/v2\/types\/post"}],"author":[{"embeddable":true,"href":"https:\/\/4cantosalagoas.com.br\/portal\/wp-json\/wp\/v2\/users\/1"}],"replies":[{"embeddable":true,"href":"https:\/\/4cantosalagoas.com.br\/portal\/wp-json\/wp\/v2\/comments?post=18588"}],"version-history":[{"count":1,"href":"https:\/\/4cantosalagoas.com.br\/portal\/wp-json\/wp\/v2\/posts\/18588\/revisions"}],"predecessor-version":[{"id":18590,"href":"https:\/\/4cantosalagoas.com.br\/portal\/wp-json\/wp\/v2\/posts\/18588\/revisions\/18590"}],"wp:featuredmedia":[{"embeddable":true,"href":"https:\/\/4cantosalagoas.com.br\/portal\/wp-json\/wp\/v2\/media\/18589"}],"wp:attachment":[{"href":"https:\/\/4cantosalagoas.com.br\/portal\/wp-json\/wp\/v2\/media?parent=18588"}],"wp:term":[{"taxonomy":"category","embeddable":true,"href":"https:\/\/4cantosalagoas.com.br\/portal\/wp-json\/wp\/v2\/categories?post=18588"},{"taxonomy":"post_tag","embeddable":true,"href":"https:\/\/4cantosalagoas.com.br\/portal\/wp-json\/wp\/v2\/tags?post=18588"}],"curies":[{"name":"wp","href":"https:\/\/api.w.org\/{rel}","templated":true}]}}