{"id":18556,"date":"2022-07-19T19:45:56","date_gmt":"2022-07-19T22:45:56","guid":{"rendered":"http:\/\/4cantosalagoas.com.br\/portal\/?p=18556"},"modified":"2022-07-19T19:45:59","modified_gmt":"2022-07-19T22:45:59","slug":"ladeira-geraldo-melo-sera-totalmente-interditada-no-turno-da-noite-a-partir-desta-terca-19","status":"publish","type":"post","link":"https:\/\/4cantosalagoas.com.br\/portal\/ladeira-geraldo-melo-sera-totalmente-interditada-no-turno-da-noite-a-partir-desta-terca-19\/","title":{"rendered":"Ladeira Geraldo Melo ser\u00e1 totalmente interditada no turno da noite, a partir desta ter\u00e7a (19)"},"content":{"rendered":"\n<figure class=\"wp-block-image\"><img fetchpriority=\"high\" decoding=\"async\" width=\"850\" height=\"560\" src=\"http:\/\/4cantosalagoas.com.br\/portal\/wp-content\/uploads\/2022\/07\/18-07-22-Renasce-Salgadinho-Poco-e-Jaragua-SEMINFRA-UGP-6597-Foto-por-Juliete-Santos.jpg\" alt=\"\" class=\"wp-image-18557\" srcset=\"https:\/\/4cantosalagoas.com.br\/portal\/wp-content\/uploads\/2022\/07\/18-07-22-Renasce-Salgadinho-Poco-e-Jaragua-SEMINFRA-UGP-6597-Foto-por-Juliete-Santos.jpg 850w, https:\/\/4cantosalagoas.com.br\/portal\/wp-content\/uploads\/2022\/07\/18-07-22-Renasce-Salgadinho-Poco-e-Jaragua-SEMINFRA-UGP-6597-Foto-por-Juliete-Santos-300x198.jpg 300w, https:\/\/4cantosalagoas.com.br\/portal\/wp-content\/uploads\/2022\/07\/18-07-22-Renasce-Salgadinho-Poco-e-Jaragua-SEMINFRA-UGP-6597-Foto-por-Juliete-Santos-768x506.jpg 768w\" sizes=\"(max-width: 850px) 100vw, 850px\" \/><figcaption> <br><em>Via ser\u00e1 interditada no turno da noite. Foto: Juliete Santos \/ Secom Macei\u00f3.<\/em> <\/figcaption><\/figure>\n\n\n\n<p>Devido \u00e0s obras do Projeto Renasce Salgadinho, a Ladeira Geraldo Melo,&nbsp;no trecho entre a Avenida Deputado Humberto Mendes, Rua Pedro Paulino, Rua Bar\u00e3o de Atalaia e Rua Comendador Cala\u00e7a, passar\u00e1 por interven\u00e7\u00f5es com interdi\u00e7\u00e3o total da via, durante o per\u00edodo da noite, das 22h \u00e0s 5h, a partir desta ter\u00e7a-feira (19), at\u00e9 a conclus\u00e3o da obra, que deve durar tr\u00eas semanas, para implanta\u00e7\u00e3o da rede de esgotamento sanit\u00e1rio.<\/p>\n\n\n\n<p>Com o objetivo de reduzir os transtornos aos condutores que trafegam pelo local, considerando que \u00e9 uma via com intenso fluxo de ve\u00edculos, as equipes trabalhar\u00e3o das 22h \u00e0s 5h. Fora desses hor\u00e1rios, a circula\u00e7\u00e3o de ve\u00edculos e coletivos estar\u00e1 normalizada.<\/p>\n\n\n\n<p>Ainda durante o per\u00edodo de trabalho, a regi\u00e3o que receber\u00e1 as interven\u00e7\u00f5es contar\u00e1 com isolamento e sinaliza\u00e7\u00e3o do local, atendendo assim, a todos os protocolos de seguran\u00e7a operacional.<\/p>\n\n\n\n<p><strong>Rotas Alternativas&nbsp;<\/strong><\/p>\n\n\n\n<p>Por conta da interdi\u00e7\u00e3o, os ve\u00edculos que v\u00eam da Rua Comendador Cala\u00e7a dever\u00e3o acessar o viaduto do Po\u00e7o por cima e seguir pela Rua Bar\u00e3o de Atalaia. Por l\u00e1, percorrer\u00e3o at\u00e9 encontrar a Rua do Sol (Catedral Metropolitana), no Centro, seguindo com seu trajeto original.&nbsp;<\/p>\n\n\n\n<p>J\u00e1 para quem desce da regi\u00e3o do Farol, um trecho da Ladeira Geraldo Melo, nas proximidades do viaduto do Po\u00e7o, funcionar\u00e1 com interdi\u00e7\u00e3o parcial. Caso queira evitar a \u00e1rea, o condutor pode acessar a Rua \u00cdris Alagoense e seguir pela Avenida Governador Afr\u00e2nio Lages (Leste Oeste). Outra op\u00e7\u00e3o \u00e9 seguir pela Avenida Moreira e Silva (Ladeira dos Mart\u00edrios), Rua Melo Moraes e, posteriormente, seguir para seu destino.<\/p>\n\n\n\n<p>Placas de sinaliza\u00e7\u00e3o ser\u00e3o instaladas pela empresa respons\u00e1vel pela obra, conforme estabelece o C\u00f3digo de Tr\u00e2nsito Brasileiro (CTB). Agentes da SMTT far\u00e3o rondas na regi\u00e3o.<\/p>\n\n\n\n<p><strong>Renasce Salgadinho<\/strong><\/p>\n\n\n\n<p>O Projeto Renasce Salgadinho est\u00e1 or\u00e7ado em R$ 76,4 milh\u00f5es e os recursos s\u00e3o fruto de um empr\u00e9stimo da Companhia Andina de Fomento (CAF). Al\u00e9m de garantir uma requalifica\u00e7\u00e3o ambiental, o projeto conta ainda com mais de 20 interven\u00e7\u00f5es, beneficiando, assim, mais de 300 mil maceioenses.<\/p>\n\n\n\n<p>Assessoria<\/p>\n","protected":false},"excerpt":{"rendered":"<p>Devido \u00e0s obras do Projeto Renasce Salgadinho, a Ladeira Geraldo Melo,&nbsp;no trecho entre a Avenida Deputado Humberto<\/p>\n","protected":false},"author":1,"featured_media":18557,"comment_status":"open","ping_status":"open","sticky":false,"template":"","format":"standard","meta":{"footnotes":""},"categories":[60],"tags":[],"class_list":["post-18556","post","type-post","status-publish","format-standard","has-post-thumbnail","hentry","category-capa"],"_links":{"self":[{"href":"https:\/\/4cantosalagoas.com.br\/portal\/wp-json\/wp\/v2\/posts\/18556","targetHints":{"allow":["GET"]}}],"collection":[{"href":"https:\/\/4cantosalagoas.com.br\/portal\/wp-json\/wp\/v2\/posts"}],"about":[{"href":"https:\/\/4cantosalagoas.com.br\/portal\/wp-json\/wp\/v2\/types\/post"}],"author":[{"embeddable":true,"href":"https:\/\/4cantosalagoas.com.br\/portal\/wp-json\/wp\/v2\/users\/1"}],"replies":[{"embeddable":true,"href":"https:\/\/4cantosalagoas.com.br\/portal\/wp-json\/wp\/v2\/comments?post=18556"}],"version-history":[{"count":1,"href":"https:\/\/4cantosalagoas.com.br\/portal\/wp-json\/wp\/v2\/posts\/18556\/revisions"}],"predecessor-version":[{"id":18558,"href":"https:\/\/4cantosalagoas.com.br\/portal\/wp-json\/wp\/v2\/posts\/18556\/revisions\/18558"}],"wp:featuredmedia":[{"embeddable":true,"href":"https:\/\/4cantosalagoas.com.br\/portal\/wp-json\/wp\/v2\/media\/18557"}],"wp:attachment":[{"href":"https:\/\/4cantosalagoas.com.br\/portal\/wp-json\/wp\/v2\/media?parent=18556"}],"wp:term":[{"taxonomy":"category","embeddable":true,"href":"https:\/\/4cantosalagoas.com.br\/portal\/wp-json\/wp\/v2\/categories?post=18556"},{"taxonomy":"post_tag","embeddable":true,"href":"https:\/\/4cantosalagoas.com.br\/portal\/wp-json\/wp\/v2\/tags?post=18556"}],"curies":[{"name":"wp","href":"https:\/\/api.w.org\/{rel}","templated":true}]}}