{"id":18530,"date":"2022-07-15T10:21:24","date_gmt":"2022-07-15T13:21:24","guid":{"rendered":"http:\/\/4cantosalagoas.com.br\/portal\/?p=18530"},"modified":"2022-07-15T10:21:28","modified_gmt":"2022-07-15T13:21:28","slug":"prefeitura-decreta-situacao-de-emergencia-em-pontos-de-erosao-na-orla-maritima","status":"publish","type":"post","link":"https:\/\/4cantosalagoas.com.br\/portal\/prefeitura-decreta-situacao-de-emergencia-em-pontos-de-erosao-na-orla-maritima\/","title":{"rendered":"Prefeitura decreta situa\u00e7\u00e3o de emerg\u00eancia em pontos de eros\u00e3o na orla mar\u00edtima"},"content":{"rendered":"\n<figure class=\"wp-block-image\"><img fetchpriority=\"high\" decoding=\"async\" width=\"850\" height=\"560\" src=\"http:\/\/4cantosalagoas.com.br\/portal\/wp-content\/uploads\/2022\/07\/0101.jpeg\" alt=\"\" class=\"wp-image-18531\" srcset=\"https:\/\/4cantosalagoas.com.br\/portal\/wp-content\/uploads\/2022\/07\/0101.jpeg 850w, https:\/\/4cantosalagoas.com.br\/portal\/wp-content\/uploads\/2022\/07\/0101-300x198.jpeg 300w, https:\/\/4cantosalagoas.com.br\/portal\/wp-content\/uploads\/2022\/07\/0101-768x506.jpeg 768w\" sizes=\"(max-width: 850px) 100vw, 850px\" \/><figcaption> <br><em>Trecho da orla de Ponta Verde. Foto: Itawi Albuquerque\/Secom Macei\u00f3<\/em> <\/figcaption><\/figure>\n\n\n\n<p>O&nbsp;<a href=\"https:\/\/www.diariomunicipal.com.br\/maceio\/\">Di\u00e1rio Oficial do Munic\u00edpio&nbsp;<\/a>(DOM) trouxe na edi\u00e7\u00e3o desta sexta-feira (15) a publica\u00e7\u00e3o do decreto de situa\u00e7\u00e3o emergencial nos 11 pontos de eros\u00e3o na costa mar\u00edtima de Macei\u00f3, que v\u00e3o de Cruz das Almas ao Pontal da Barra.<\/p>\n\n\n\n<p>A Secretaria Municipal de Infraestrutura (Seminfra) e o Instituto do Meio Ambiente (IMA) trabalham nos processos de autoriza\u00e7\u00e3o ambiental para que as obras emergenciais de conten\u00e7\u00e3o do avan\u00e7o do mar possam ser iniciadas.<\/p>\n\n\n\n<p>Com a libera\u00e7\u00e3o ambiental, a Seminfra colocar\u00e1 em pr\u00e1tica a aplica\u00e7\u00e3o dos \u201cbig bags\u201d, que s\u00e3o grandes sacos preenchidos com areia da praia, implantados um sobre o outro, funcionando como escudo para proteger a \u00e1rea costeira da capital alagoana.<\/p>\n\n\n\n<figure class=\"wp-block-image\"><a href=\"https:\/\/maceioalgovbr.dhost.cloud\/uploads\/imagens\/57719F45-C4B3-4A61-B42C-1AB5B7ECC52D.jpeg\"><img decoding=\"async\" src=\"https:\/\/maceioalgovbr.dhost.cloud\/uploads\/imagens\/_845xAUTO_crop_center-center_none\/57719F45-C4B3-4A61-B42C-1AB5B7ECC52D.jpeg\" alt=\"Trecho de eros\u00e3o no Pontal da Barra. Foto: Wilma Andrade\/Ascom Seminfra\"\/><\/a><figcaption>Trecho de eros\u00e3o no Pontal da Barra. Foto: Wilma Andrade\/Ascom Seminfra<\/figcaption><\/figure>\n\n\n\n<p>Um estudo t\u00e9cnico identificou 11 pontos de eros\u00f5es emergenciais entre o Pontal da Barra e Cruz das Almas. Destes, oito s\u00e3o considerados urgentes e receber\u00e3o a aplica\u00e7\u00e3o da nova tecnologia para conten\u00e7\u00e3o do processo erosivo.<\/p>\n\n\n\n<p>Atualmente, o munic\u00edpio mant\u00e9m em execu\u00e7\u00e3o a t\u00e9cnica denominada \u2018sandbag\u2019. O material funciona como dissipador de energia enterrado na praia para proteger a \u00e1rea deteriorada pela for\u00e7a das ondas.<\/p>\n\n\n\n<p>Assessoria<\/p>\n","protected":false},"excerpt":{"rendered":"<p>O&nbsp;Di\u00e1rio Oficial do Munic\u00edpio&nbsp;(DOM) trouxe na edi\u00e7\u00e3o desta sexta-feira (15) a publica\u00e7\u00e3o do decreto de situa\u00e7\u00e3o emergencial<\/p>\n","protected":false},"author":1,"featured_media":18531,"comment_status":"open","ping_status":"open","sticky":false,"template":"","format":"standard","meta":{"footnotes":""},"categories":[60],"tags":[],"class_list":["post-18530","post","type-post","status-publish","format-standard","has-post-thumbnail","hentry","category-capa"],"_links":{"self":[{"href":"https:\/\/4cantosalagoas.com.br\/portal\/wp-json\/wp\/v2\/posts\/18530","targetHints":{"allow":["GET"]}}],"collection":[{"href":"https:\/\/4cantosalagoas.com.br\/portal\/wp-json\/wp\/v2\/posts"}],"about":[{"href":"https:\/\/4cantosalagoas.com.br\/portal\/wp-json\/wp\/v2\/types\/post"}],"author":[{"embeddable":true,"href":"https:\/\/4cantosalagoas.com.br\/portal\/wp-json\/wp\/v2\/users\/1"}],"replies":[{"embeddable":true,"href":"https:\/\/4cantosalagoas.com.br\/portal\/wp-json\/wp\/v2\/comments?post=18530"}],"version-history":[{"count":1,"href":"https:\/\/4cantosalagoas.com.br\/portal\/wp-json\/wp\/v2\/posts\/18530\/revisions"}],"predecessor-version":[{"id":18532,"href":"https:\/\/4cantosalagoas.com.br\/portal\/wp-json\/wp\/v2\/posts\/18530\/revisions\/18532"}],"wp:featuredmedia":[{"embeddable":true,"href":"https:\/\/4cantosalagoas.com.br\/portal\/wp-json\/wp\/v2\/media\/18531"}],"wp:attachment":[{"href":"https:\/\/4cantosalagoas.com.br\/portal\/wp-json\/wp\/v2\/media?parent=18530"}],"wp:term":[{"taxonomy":"category","embeddable":true,"href":"https:\/\/4cantosalagoas.com.br\/portal\/wp-json\/wp\/v2\/categories?post=18530"},{"taxonomy":"post_tag","embeddable":true,"href":"https:\/\/4cantosalagoas.com.br\/portal\/wp-json\/wp\/v2\/tags?post=18530"}],"curies":[{"name":"wp","href":"https:\/\/api.w.org\/{rel}","templated":true}]}}