{"id":18485,"date":"2022-07-11T07:45:50","date_gmt":"2022-07-11T10:45:50","guid":{"rendered":"http:\/\/4cantosalagoas.com.br\/portal\/?p=18485"},"modified":"2022-07-11T09:47:42","modified_gmt":"2022-07-11T12:47:42","slug":"especialista-alerta-para-a-importancia-da-4a-dose-da-vacina-contra-a-covid-19","status":"publish","type":"post","link":"https:\/\/4cantosalagoas.com.br\/portal\/especialista-alerta-para-a-importancia-da-4a-dose-da-vacina-contra-a-covid-19\/","title":{"rendered":"Especialista alerta para a import\u00e2ncia da 4\u00aa dose da vacina contra a Covid-19"},"content":{"rendered":"\n<figure class=\"wp-block-image\"><img fetchpriority=\"high\" decoding=\"async\" width=\"850\" height=\"560\" src=\"http:\/\/4cantosalagoas.com.br\/portal\/wp-content\/uploads\/2022\/07\/18.jpeg\" alt=\"\" class=\"wp-image-18486\" srcset=\"https:\/\/4cantosalagoas.com.br\/portal\/wp-content\/uploads\/2022\/07\/18.jpeg 850w, https:\/\/4cantosalagoas.com.br\/portal\/wp-content\/uploads\/2022\/07\/18-300x198.jpeg 300w, https:\/\/4cantosalagoas.com.br\/portal\/wp-content\/uploads\/2022\/07\/18-768x506.jpeg 768w\" sizes=\"(max-width: 850px) 100vw, 850px\" \/><figcaption> <br><em>Renee Oliveira, m\u00e9dico infectologista do Pam Salgadinho. Foto: Ascom\/SMS<\/em> <\/figcaption><\/figure>\n\n\n\n<p>Com o aumento dos casos de Covid-19 nas \u00faltimas semanas, a Secretaria de Sa\u00fade de Macei\u00f3 refor\u00e7a para a import\u00e2ncia da popula\u00e7\u00e3o aderir \u00e0 quarta dose da vacina, que em Macei\u00f3 est\u00e1 sendo aplicada em pessoas de 40 anos ou mais que tenham 120 dias de intervalo em rela\u00e7\u00e3o \u00e0 terceira.<\/p>\n\n\n\n<p>O m\u00e9dico infectologista do Pam Salgadinho, Renee Oliveira, destaca que a pandemia n\u00e3o acabou e, por isso, \u00e9 importante que as pessoas tomem todas as doses das vacinas e cuidem das medidas de prote\u00e7\u00e3o, principalmente para aquelas que pertencem aos grupos de risco. O profissional fala sobre o aumento de casos, a import\u00e2ncia das vacinas e principais medidas de prote\u00e7\u00e3o que podem ser seguidas pela popula\u00e7\u00e3o.<\/p>\n\n\n\n<p><strong>Por que est\u00e1 ocorrendo esse aumento no n\u00famero de casos?<\/strong><\/p>\n\n\n\n<p>Estamos vivendo um aumento expressivo no n\u00famero de casos e conseguimos enxergar apenas uma pequena parcela, que s\u00e3o as pessoas que v\u00e3o em busca de servi\u00e7os de sa\u00fade, que fazem testes de farm\u00e1cia, autoteste ou o RT-PCR. A variante presente no momento ainda \u00e9 a \u00d4micron e que tem como caracter\u00edstica o aparecimento de subvariantes, que s\u00e3o extremamente transmiss\u00edveis e que tem a capacidade de escapar do sistema imunol\u00f3gico, mesmo em rela\u00e7\u00e3o aos vacinados. Ent\u00e3o uma pessoa que teve Covid-19 hoje pode ter daqui a tr\u00eas meses de novo, por conta dessa constante muta\u00e7\u00e3o do v\u00edrus.<\/p>\n\n\n\n<p><strong>Qual a import\u00e2ncia das vacinas nesse cen\u00e1rio?<\/strong><\/p>\n\n\n\n<p>Estamos observando um grande n\u00famero de pessoas contaminadas, mas em compara\u00e7\u00e3o com 2020 e 2021, o n\u00famero de pacientes internados \u00e9 pequeno e s\u00e3o principalmente pessoas que n\u00e3o se vacinaram ou completaram o esquema vacinal. A variante \u00d4micron, que \u00e9 a que est\u00e1 circulando hoje \u00e9 mais transmiss\u00edvel, n\u00e3o leva a quadros graves, pois n\u00e3o acomete muito o pulm\u00e3o e tem prefer\u00eancia pelo trato respirat\u00f3rio superior, o que facilita para o organismo se defender com o aux\u00edlio das vacinas, que s\u00e3o muito eficazes nessa preven\u00e7\u00e3o.<\/p>\n\n\n\n<p><strong>Qual a import\u00e2ncia da quarta dose?<\/strong><\/p>\n\n\n\n<p>A 4\u00aa dose \u00e9 muito importante porque d\u00e1 uma prote\u00e7\u00e3o contra as variantes que estamos vivenciando hoje. Ela n\u00e3o vai impedir que a pessoa pegue Covid-19, mas n\u00e3o vai caminhar para quadros graves, interna\u00e7\u00f5es ou \u00f3bitos, que \u00e9 o principal objetivo do imunizante e que precisamos enfatizar para a nossa popula\u00e7\u00e3o. O esquema vacinal completo \u00e9 nosso principal aliado.<\/p>\n\n\n\n<p><strong>Quais as principais orienta\u00e7\u00f5es?<\/strong><\/p>\n\n\n\n<p>A principal orienta\u00e7\u00e3o \u00e9 completar o esquema vacinal. Se nunca tomou nenhuma dose, que o fa\u00e7a o mais r\u00e1pido poss\u00edvel. Se ainda estiver na segunda dose, que tome as demais. Outra orienta\u00e7\u00e3o importante \u00e9 usar m\u00e1scaras em ambientes fechados, principalmente aquelas pessoas que est\u00e3o sintom\u00e1ticas, pois muitas pessoas est\u00e3o com um quadro de s\u00edndrome gripal e n\u00e3o usam m\u00e1scaras e precisamos lembar que al\u00e9m da Covid-19, temos outros v\u00edrus circulando.<\/p>\n\n\n\n<p>Ent\u00e3o se est\u00e1 com dor de garganta, coriza, tosse, \u00e9 um ato de respeito com as outras pessoas usar m\u00e1scara de prote\u00e7\u00e3o. E os pacientes que s\u00e3o grupos de risco, que tem comorbidades, os imunossuprimidos devem ter mais aten\u00e7\u00e3o ainda e tamb\u00e9m tomar todas as doses da vacina.<\/p>\n\n\n\n<p>Assessoria<\/p>\n","protected":false},"excerpt":{"rendered":"<p>Com o aumento dos casos de Covid-19 nas \u00faltimas semanas, a Secretaria de Sa\u00fade de Macei\u00f3 refor\u00e7a<\/p>\n","protected":false},"author":1,"featured_media":18486,"comment_status":"open","ping_status":"open","sticky":false,"template":"","format":"standard","meta":{"footnotes":""},"categories":[60],"tags":[],"class_list":["post-18485","post","type-post","status-publish","format-standard","has-post-thumbnail","hentry","category-capa"],"_links":{"self":[{"href":"https:\/\/4cantosalagoas.com.br\/portal\/wp-json\/wp\/v2\/posts\/18485","targetHints":{"allow":["GET"]}}],"collection":[{"href":"https:\/\/4cantosalagoas.com.br\/portal\/wp-json\/wp\/v2\/posts"}],"about":[{"href":"https:\/\/4cantosalagoas.com.br\/portal\/wp-json\/wp\/v2\/types\/post"}],"author":[{"embeddable":true,"href":"https:\/\/4cantosalagoas.com.br\/portal\/wp-json\/wp\/v2\/users\/1"}],"replies":[{"embeddable":true,"href":"https:\/\/4cantosalagoas.com.br\/portal\/wp-json\/wp\/v2\/comments?post=18485"}],"version-history":[{"count":1,"href":"https:\/\/4cantosalagoas.com.br\/portal\/wp-json\/wp\/v2\/posts\/18485\/revisions"}],"predecessor-version":[{"id":18487,"href":"https:\/\/4cantosalagoas.com.br\/portal\/wp-json\/wp\/v2\/posts\/18485\/revisions\/18487"}],"wp:featuredmedia":[{"embeddable":true,"href":"https:\/\/4cantosalagoas.com.br\/portal\/wp-json\/wp\/v2\/media\/18486"}],"wp:attachment":[{"href":"https:\/\/4cantosalagoas.com.br\/portal\/wp-json\/wp\/v2\/media?parent=18485"}],"wp:term":[{"taxonomy":"category","embeddable":true,"href":"https:\/\/4cantosalagoas.com.br\/portal\/wp-json\/wp\/v2\/categories?post=18485"},{"taxonomy":"post_tag","embeddable":true,"href":"https:\/\/4cantosalagoas.com.br\/portal\/wp-json\/wp\/v2\/tags?post=18485"}],"curies":[{"name":"wp","href":"https:\/\/api.w.org\/{rel}","templated":true}]}}