{"id":18440,"date":"2022-07-04T08:57:08","date_gmt":"2022-07-04T11:57:08","guid":{"rendered":"http:\/\/4cantosalagoas.com.br\/portal\/?p=18440"},"modified":"2022-07-04T08:57:11","modified_gmt":"2022-07-04T11:57:11","slug":"avenida-assis-chateaubriand-sera-parcialmente-interditada-no-turno-da-noite-a-partir-desta-segunda-4","status":"publish","type":"post","link":"https:\/\/4cantosalagoas.com.br\/portal\/avenida-assis-chateaubriand-sera-parcialmente-interditada-no-turno-da-noite-a-partir-desta-segunda-4\/","title":{"rendered":"Avenida Assis Chateaubriand ser\u00e1 parcialmente interditada no turno da noite, a partir desta segunda (4)"},"content":{"rendered":"\n<figure class=\"wp-block-image\"><img fetchpriority=\"high\" decoding=\"async\" width=\"850\" height=\"560\" src=\"http:\/\/4cantosalagoas.com.br\/portal\/wp-content\/uploads\/2022\/07\/04D92BF0-A098-4322-9F93-2237B32B35C7.jpeg\" alt=\"\" class=\"wp-image-18441\" srcset=\"https:\/\/4cantosalagoas.com.br\/portal\/wp-content\/uploads\/2022\/07\/04D92BF0-A098-4322-9F93-2237B32B35C7.jpeg 850w, https:\/\/4cantosalagoas.com.br\/portal\/wp-content\/uploads\/2022\/07\/04D92BF0-A098-4322-9F93-2237B32B35C7-300x198.jpeg 300w, https:\/\/4cantosalagoas.com.br\/portal\/wp-content\/uploads\/2022\/07\/04D92BF0-A098-4322-9F93-2237B32B35C7-768x506.jpeg 768w\" sizes=\"(max-width: 850px) 100vw, 850px\" \/><figcaption> <br><em>Trecho da Avenida Assis Chateaubriand passar\u00e1 por interven\u00e7\u00f5es. Foto: J\u00fanior Bertoldo \/ Secom Macei\u00f3.<\/em> <\/figcaption><\/figure>\n\n\n\n<p>Devido \u00e0s obras do Projeto Renasce Salgadinho, um trecho da Avenida Assis Chateaubriand, no bairro do Prado, nas proximidades do emiss\u00e1rio submarino, passar\u00e1 por interven\u00e7\u00f5es com interdi\u00e7\u00e3o parcial da via, em ambos os sentidos, durante o per\u00edodo da noite. As obras para implanta\u00e7\u00e3o da rede de esgotamento sanit\u00e1rio acontecer\u00e3o das 20h \u00e0s 5h, a partir desta segunda-feira (04), at\u00e9 a conclus\u00e3o da obra, que tem previs\u00e3o de sete dias.<\/p>\n\n\n\n<p>No primeiro momento, o tr\u00e2nsito no sentindo Jaragu\u00e1 \/ antigo pr\u00e9dio do Detran permanecer\u00e1 em m\u00e3o dupla, por conta do desvio. Em um segundo momento, conforme o avan\u00e7o da obra, o sentindo Prado\/Jaragu\u00e1 ficar\u00e1 em m\u00e3o dupla.<\/p>\n\n\n\n<figure class=\"wp-block-image\"><a href=\"https:\/\/maceioalgovbr.dhost.cloud\/uploads\/imagens\/9B2F0FFD-B034-4D6F-8935-8108C7E20176.jpeg\"><img decoding=\"async\" src=\"https:\/\/maceioalgovbr.dhost.cloud\/uploads\/imagens\/_845xAUTO_crop_center-center_none\/9B2F0FFD-B034-4D6F-8935-8108C7E20176.jpeg\" alt=\"Foto: J\u00fanior Bertoldo \/ Ascom UGP\"\/><\/a><figcaption>Foto: J\u00fanior Bertoldo \/ Ascom UGP<\/figcaption><\/figure>\n\n\n\n<p>J\u00e1 fora do hor\u00e1rio das obras, as vias estar\u00e3o livres para a circula\u00e7\u00e3o dos ve\u00edculos. O objetivo \u00e9 reduzir os transtornos aos condutores que trafegam pelo local. Al\u00e9m disso, a regi\u00e3o contar\u00e1, ainda, com isolamento e sinaliza\u00e7\u00e3o, atendendo a todos os protocolos de seguran\u00e7a operacional.<\/p>\n\n\n\n<p><strong>Renasce Salgadinho<\/strong><\/p>\n\n\n\n<p>O Projeto Renasce Salgadinho est\u00e1 or\u00e7ado em R$ 76,4 milh\u00f5es e os recursos s\u00e3o fruto de um empr\u00e9stimo da Companhia Andina de Fomento (CAF). Al\u00e9m de garantir uma requalifica\u00e7\u00e3o ambiental, o projeto conta ainda com mais de 20 interven\u00e7\u00f5es, beneficiando, assim, mais de 300 mil maceioenses.<\/p>\n\n\n\n<p>Assessoria<\/p>\n","protected":false},"excerpt":{"rendered":"<p>Devido \u00e0s obras do Projeto Renasce Salgadinho, um trecho da Avenida Assis Chateaubriand, no bairro do Prado,<\/p>\n","protected":false},"author":1,"featured_media":18441,"comment_status":"open","ping_status":"open","sticky":false,"template":"","format":"standard","meta":{"footnotes":""},"categories":[60],"tags":[],"class_list":["post-18440","post","type-post","status-publish","format-standard","has-post-thumbnail","hentry","category-capa"],"_links":{"self":[{"href":"https:\/\/4cantosalagoas.com.br\/portal\/wp-json\/wp\/v2\/posts\/18440","targetHints":{"allow":["GET"]}}],"collection":[{"href":"https:\/\/4cantosalagoas.com.br\/portal\/wp-json\/wp\/v2\/posts"}],"about":[{"href":"https:\/\/4cantosalagoas.com.br\/portal\/wp-json\/wp\/v2\/types\/post"}],"author":[{"embeddable":true,"href":"https:\/\/4cantosalagoas.com.br\/portal\/wp-json\/wp\/v2\/users\/1"}],"replies":[{"embeddable":true,"href":"https:\/\/4cantosalagoas.com.br\/portal\/wp-json\/wp\/v2\/comments?post=18440"}],"version-history":[{"count":1,"href":"https:\/\/4cantosalagoas.com.br\/portal\/wp-json\/wp\/v2\/posts\/18440\/revisions"}],"predecessor-version":[{"id":18442,"href":"https:\/\/4cantosalagoas.com.br\/portal\/wp-json\/wp\/v2\/posts\/18440\/revisions\/18442"}],"wp:featuredmedia":[{"embeddable":true,"href":"https:\/\/4cantosalagoas.com.br\/portal\/wp-json\/wp\/v2\/media\/18441"}],"wp:attachment":[{"href":"https:\/\/4cantosalagoas.com.br\/portal\/wp-json\/wp\/v2\/media?parent=18440"}],"wp:term":[{"taxonomy":"category","embeddable":true,"href":"https:\/\/4cantosalagoas.com.br\/portal\/wp-json\/wp\/v2\/categories?post=18440"},{"taxonomy":"post_tag","embeddable":true,"href":"https:\/\/4cantosalagoas.com.br\/portal\/wp-json\/wp\/v2\/tags?post=18440"}],"curies":[{"name":"wp","href":"https:\/\/api.w.org\/{rel}","templated":true}]}}