{"id":18437,"date":"2022-07-02T07:23:48","date_gmt":"2022-07-02T10:23:48","guid":{"rendered":"http:\/\/4cantosalagoas.com.br\/portal\/?p=18437"},"modified":"2022-07-02T07:23:51","modified_gmt":"2022-07-02T10:23:51","slug":"corrida-das-cores-maceio-sedia-torneio-nacional-de-corrida-neste-domingo-3","status":"publish","type":"post","link":"https:\/\/4cantosalagoas.com.br\/portal\/corrida-das-cores-maceio-sedia-torneio-nacional-de-corrida-neste-domingo-3\/","title":{"rendered":"Corrida das Cores: Macei\u00f3 sedia torneio nacional de corrida neste domingo (3)"},"content":{"rendered":"\n<figure class=\"wp-block-image\"><img fetchpriority=\"high\" decoding=\"async\" width=\"850\" height=\"560\" src=\"http:\/\/4cantosalagoas.com.br\/portal\/wp-content\/uploads\/2022\/07\/7a.jpg\" alt=\"\" class=\"wp-image-18438\" srcset=\"https:\/\/4cantosalagoas.com.br\/portal\/wp-content\/uploads\/2022\/07\/7a.jpg 850w, https:\/\/4cantosalagoas.com.br\/portal\/wp-content\/uploads\/2022\/07\/7a-300x198.jpg 300w, https:\/\/4cantosalagoas.com.br\/portal\/wp-content\/uploads\/2022\/07\/7a-768x506.jpg 768w\" sizes=\"(max-width: 850px) 100vw, 850px\" \/><figcaption> <br><em>A expectativa \u00e9 de que mais de mil pessoas participem do evento. Foto: arquivo Semtel<\/em> <\/figcaption><\/figure>\n\n\n\n<p>Muita alegria, divers\u00e3o e cor prometem contagiar Macei\u00f3 neste domingo (03). Com apoio da Secretaria Municipal de Turismo, Esporte e Lazer (Semtel), a capital recebe mais uma edi\u00e7\u00e3o do evento Corrida das Cores, celebra\u00e7\u00e3o nacional de corrida e caminhada que promove integra\u00e7\u00e3o e sa\u00fade atrav\u00e9s do esporte.<\/p>\n\n\n\n<p>Interrompido desde 2019, o evento esportivo ser\u00e1 realizado das 07h30 \u00e0s 09h30 com largada na Pra\u00e7a Multieventos, na orla da Praia de Paju\u00e7ara, at\u00e9 o Memorial \u00e0 Rep\u00fablica, no Jaragu\u00e1. A expectativa dos organizadores \u00e9 de que mais de mil pessoas participem do evento.<\/p>\n\n\n\n<p>O diretor de esportes da Semtel, Francisco Carlos do Nascimento (Chic\u00e3o), ressaltou o importante trabalho da Prefeitura em firmar parceria com associa\u00e7\u00f5es para realizar eventos esportivos na cidade.<\/p>\n\n\n\n<p>&#8220;A Semtel sabe da import\u00e2ncia do esporte para a sa\u00fade, integra\u00e7\u00e3o social e, tamb\u00e9m, para a promo\u00e7\u00e3o do destino Macei\u00f3. Eventos de grande relev\u00e2ncia j\u00e1 foram realizados na cidade neste ano, com sucesso de p\u00fablico e retorno econ\u00f4mico positivo. Este torneio de corrida, mais uma vez, reflete o trabalho da Prefeitura em promover a cidade e incentivar a pr\u00e1tica esportiva&#8221;, refor\u00e7ou.<\/p>\n\n\n\n<p>Segundo o organizador do evento, Felipe Monteiro, o encontro n\u00e3o tem car\u00e1ter competitivo, apenas visa reunir amigos e fam\u00edlias.<\/p>\n\n\n\n<p>\u201cA ideia da iniciativa \u00e9 correr junto dos familiares, levar animais dom\u00e9sticos, curtir o momento e promover muita sa\u00fade por meio do esporte. N\u00e3o h\u00e1 cronometragem. Ao todo, ser\u00e3o quatro quil\u00f4metros que podem ser percorridos at\u00e9 caminhando\u201d, destacou.<br><\/p>\n\n\n\n<p>Esta \u00e9 a segunda vez que o evento acontece na em Macei\u00f3. Ao final do percurso, os participantes passam pelas zonas das cores e recebem um \u201cbanho\u201d de p\u00f3 colorido com uma cor espec\u00edfica, chegando ao final do percurso com todas as cores nas roupas. O p\u00f3 \u00e9 uma mistura de amido com corantes aliment\u00edcios, n\u00e3o prejudicial \u00e0 sa\u00fade, e facilmente removido com \u00e1gua.<\/p>\n\n\n\n<p>O evento \u00e9 inspirado no \u201cHoli\u201d ou Festival das Cores, tradicional celebra\u00e7\u00e3o indiana realizada todos os anos. Nascida no Esp\u00edrito Santo, a corrida vem se espalhando por todo o pa\u00eds levando alegria e muita cor a mais brasileiros desde 2012, a cada edi\u00e7\u00e3o. Cidades como Vit\u00f3ria, Goi\u00e2nia, Uberl\u00e2ndia e Macei\u00f3 j\u00e1 sediaram etapas do festival.<\/p>\n\n\n\n<p>Assessoria<\/p>\n","protected":false},"excerpt":{"rendered":"<p>Muita alegria, divers\u00e3o e cor prometem contagiar Macei\u00f3 neste domingo (03). Com apoio da Secretaria Municipal de<\/p>\n","protected":false},"author":1,"featured_media":18438,"comment_status":"open","ping_status":"open","sticky":false,"template":"","format":"standard","meta":{"footnotes":""},"categories":[60],"tags":[],"class_list":["post-18437","post","type-post","status-publish","format-standard","has-post-thumbnail","hentry","category-capa"],"_links":{"self":[{"href":"https:\/\/4cantosalagoas.com.br\/portal\/wp-json\/wp\/v2\/posts\/18437","targetHints":{"allow":["GET"]}}],"collection":[{"href":"https:\/\/4cantosalagoas.com.br\/portal\/wp-json\/wp\/v2\/posts"}],"about":[{"href":"https:\/\/4cantosalagoas.com.br\/portal\/wp-json\/wp\/v2\/types\/post"}],"author":[{"embeddable":true,"href":"https:\/\/4cantosalagoas.com.br\/portal\/wp-json\/wp\/v2\/users\/1"}],"replies":[{"embeddable":true,"href":"https:\/\/4cantosalagoas.com.br\/portal\/wp-json\/wp\/v2\/comments?post=18437"}],"version-history":[{"count":1,"href":"https:\/\/4cantosalagoas.com.br\/portal\/wp-json\/wp\/v2\/posts\/18437\/revisions"}],"predecessor-version":[{"id":18439,"href":"https:\/\/4cantosalagoas.com.br\/portal\/wp-json\/wp\/v2\/posts\/18437\/revisions\/18439"}],"wp:featuredmedia":[{"embeddable":true,"href":"https:\/\/4cantosalagoas.com.br\/portal\/wp-json\/wp\/v2\/media\/18438"}],"wp:attachment":[{"href":"https:\/\/4cantosalagoas.com.br\/portal\/wp-json\/wp\/v2\/media?parent=18437"}],"wp:term":[{"taxonomy":"category","embeddable":true,"href":"https:\/\/4cantosalagoas.com.br\/portal\/wp-json\/wp\/v2\/categories?post=18437"},{"taxonomy":"post_tag","embeddable":true,"href":"https:\/\/4cantosalagoas.com.br\/portal\/wp-json\/wp\/v2\/tags?post=18437"}],"curies":[{"name":"wp","href":"https:\/\/api.w.org\/{rel}","templated":true}]}}