{"id":18405,"date":"2022-06-28T09:27:09","date_gmt":"2022-06-28T12:27:09","guid":{"rendered":"http:\/\/4cantosalagoas.com.br\/portal\/?p=18405"},"modified":"2022-06-28T09:27:12","modified_gmt":"2022-06-28T12:27:12","slug":"governo-apresenta-acoes-estrategicas-de-combate-a-fome-nesta-terca-28-em-arapiraca","status":"publish","type":"post","link":"https:\/\/4cantosalagoas.com.br\/portal\/governo-apresenta-acoes-estrategicas-de-combate-a-fome-nesta-terca-28-em-arapiraca\/","title":{"rendered":"Governo apresenta a\u00e7\u00f5es estrat\u00e9gicas de combate \u00e0 fome nesta ter\u00e7a (28) em Arapiraca"},"content":{"rendered":"\n<figure class=\"wp-block-image\"><img fetchpriority=\"high\" decoding=\"async\" width=\"800\" height=\"640\" src=\"http:\/\/4cantosalagoas.com.br\/portal\/wp-content\/uploads\/2022\/06\/fome.jpeg\" alt=\"\" class=\"wp-image-18406\" srcset=\"https:\/\/4cantosalagoas.com.br\/portal\/wp-content\/uploads\/2022\/06\/fome.jpeg 800w, https:\/\/4cantosalagoas.com.br\/portal\/wp-content\/uploads\/2022\/06\/fome-300x240.jpeg 300w, https:\/\/4cantosalagoas.com.br\/portal\/wp-content\/uploads\/2022\/06\/fome-768x614.jpeg 768w\" sizes=\"(max-width: 800px) 100vw, 800px\" \/><figcaption>Assessoria<\/figcaption><\/figure>\n\n\n\n<p>O maior conjunto de a\u00e7\u00f5es de combate aos efeitos da extrema pobreza da hist\u00f3ria de Alagoas ser\u00e1 anunciado \u00e0s 9h desta ter\u00e7a-feira, pelo governador Paulo Dantas, na cidade de Arapiraca.&nbsp;Denominada Pacto Contra a Fome, a estrat\u00e9gia representa um esfor\u00e7o concentrado para levar alimento a fam\u00edlias em situa\u00e7\u00e3o de inseguran\u00e7a alimentar e nutricional grave, congregando programas j\u00e1 existentes e implantando medidas emergenciais de busca ativa, para maior alcance na assist\u00eancia \u00e0 popula\u00e7\u00e3o em extrema pobreza.<\/p>\n\n\n\n<p>A ideia do Governo de Alagoas \u00e9 potencializar a a\u00e7\u00e3o dos programas de governo capazes de fortalecer o esfor\u00e7o no amparo aos alagoanos e alagoanas em situa\u00e7\u00e3o de inseguran\u00e7a alimentar.<\/p>\n\n\n\n<p><strong>CONTEXTO<\/strong><\/p>\n\n\n\n<p>O Brasil tem registrado um grave e acelerado crescimento no n\u00famero de pessoas que passam fome. Divulgado no in\u00edcio deste m\u00eas de junho, o 2\u00ba Inqu\u00e9rito Nacional Sobre Seguran\u00e7a Alimentar no Contexto da Pandemia Covid-19 no Brasil (Vigisan), realizado pela Rede Brasileira de Pesquisa em Soberania e Seguran\u00e7a Alimentar e Nutricional (Rede Penssan) aponta uma situa\u00e7\u00e3o dram\u00e1tica. O pa\u00eds soma 33,1 milh\u00f5es de pessoas sem ter o que comer diariamente. Quase o dobro do contingente em situa\u00e7\u00e3o de fome estimado em 2020.&nbsp;<\/p>\n\n\n\n<p>Como ocorre historicamente, a situa\u00e7\u00e3o \u00e9 mais grave nas regi\u00f5es Norte e Nordeste do pa\u00eds. Segundo o levantamento, os estados nordestinos somam mais de 12 milh\u00f5es das pessoas em situa\u00e7\u00e3o de inseguran\u00e7a alimentar grave &#8211; quando h\u00e1 ruptura nos padr\u00f5es de alimenta\u00e7\u00e3o resultante da falta de alimentos entre todos os moradores do domic\u00edlio, incluindo crian\u00e7as. Nesse n\u00edvel, as pessoas convivem com a fome no cotidiano.<\/p>\n\n\n\n<p>Em Alagoas, n\u00e3o \u00e9 diferente. O Estado tem uma d\u00edvida social hist\u00f3rica com seus cidad\u00e3os e cidad\u00e3s. E mesmo vivenciando, na atualidade, o maior investimento social de sua hist\u00f3ria, com pol\u00edticas p\u00fablicas de combate \u00e0 pobreza, cerca de 500 mil alagoanos ainda vivem em situa\u00e7\u00e3o de inseguran\u00e7a alimentar, segundo dados atualizados do Cad\u00danico.<\/p>\n\n\n\n<p>As pol\u00edticas implantadas pelo Governo do Estado garantiram que o crescimento da fome, no \u00e2mbito estadual, ficasse abaixo da m\u00e9dia nacional, mesmo assim, no cen\u00e1rio da pandemia, agravado pela recente aumento da infla\u00e7\u00e3o e pela instabilidade e descontinuidade de pol\u00edticas p\u00fablicas de combate \u00e0 pobreza no \u00e2mbito nacional, a m\u00e9dia alagoana da popula\u00e7\u00e3o em extrema pobreza saiu de 39,9% em 2019 para 42,46% em 2022, registrando um aumento de 2,56 p.p.<\/p>\n\n\n\n<p>E isso acendeu o alerta para a necessidade de medidas que possam conter o avan\u00e7o da pobreza, para que os n\u00fameros n\u00e3o voltem a crescer. Afinal, a fome n\u00e3o pode esperar. \u00c9 nesse contexto que o Governo de Alagoas planejou, em car\u00e1ter emergencial, o Pacto Contra a Fome, que ser\u00e1 anunciado nesta ter\u00e7a-feira, pelo governador Paulo Dantas.<\/p>\n\n\n\n<p>Assessoria<\/p>\n","protected":false},"excerpt":{"rendered":"<p>O maior conjunto de a\u00e7\u00f5es de combate aos efeitos da extrema pobreza da hist\u00f3ria de Alagoas ser\u00e1<\/p>\n","protected":false},"author":1,"featured_media":18406,"comment_status":"open","ping_status":"open","sticky":false,"template":"","format":"standard","meta":{"footnotes":""},"categories":[60],"tags":[],"class_list":["post-18405","post","type-post","status-publish","format-standard","has-post-thumbnail","hentry","category-capa"],"_links":{"self":[{"href":"https:\/\/4cantosalagoas.com.br\/portal\/wp-json\/wp\/v2\/posts\/18405","targetHints":{"allow":["GET"]}}],"collection":[{"href":"https:\/\/4cantosalagoas.com.br\/portal\/wp-json\/wp\/v2\/posts"}],"about":[{"href":"https:\/\/4cantosalagoas.com.br\/portal\/wp-json\/wp\/v2\/types\/post"}],"author":[{"embeddable":true,"href":"https:\/\/4cantosalagoas.com.br\/portal\/wp-json\/wp\/v2\/users\/1"}],"replies":[{"embeddable":true,"href":"https:\/\/4cantosalagoas.com.br\/portal\/wp-json\/wp\/v2\/comments?post=18405"}],"version-history":[{"count":1,"href":"https:\/\/4cantosalagoas.com.br\/portal\/wp-json\/wp\/v2\/posts\/18405\/revisions"}],"predecessor-version":[{"id":18407,"href":"https:\/\/4cantosalagoas.com.br\/portal\/wp-json\/wp\/v2\/posts\/18405\/revisions\/18407"}],"wp:featuredmedia":[{"embeddable":true,"href":"https:\/\/4cantosalagoas.com.br\/portal\/wp-json\/wp\/v2\/media\/18406"}],"wp:attachment":[{"href":"https:\/\/4cantosalagoas.com.br\/portal\/wp-json\/wp\/v2\/media?parent=18405"}],"wp:term":[{"taxonomy":"category","embeddable":true,"href":"https:\/\/4cantosalagoas.com.br\/portal\/wp-json\/wp\/v2\/categories?post=18405"},{"taxonomy":"post_tag","embeddable":true,"href":"https:\/\/4cantosalagoas.com.br\/portal\/wp-json\/wp\/v2\/tags?post=18405"}],"curies":[{"name":"wp","href":"https:\/\/api.w.org\/{rel}","templated":true}]}}