{"id":18362,"date":"2022-06-22T10:23:17","date_gmt":"2022-06-22T13:23:17","guid":{"rendered":"http:\/\/4cantosalagoas.com.br\/portal\/?p=18362"},"modified":"2022-06-22T10:23:21","modified_gmt":"2022-06-22T13:23:21","slug":"sao-joao-de-jaragua-tera-onibus-de-graca-em-sete-dias-de-festa","status":"publish","type":"post","link":"https:\/\/4cantosalagoas.com.br\/portal\/sao-joao-de-jaragua-tera-onibus-de-graca-em-sete-dias-de-festa\/","title":{"rendered":"S\u00e3o Jo\u00e3o de Jaragu\u00e1 ter\u00e1 \u00f4nibus de gra\u00e7a em sete dias de festa"},"content":{"rendered":"\n<figure class=\"wp-block-image\"><img fetchpriority=\"high\" decoding=\"async\" width=\"845\" height=\"560\" src=\"http:\/\/4cantosalagoas.com.br\/portal\/wp-content\/uploads\/2022\/06\/12-04-22-Domingo-e-Livre-Onibus-SMTT-Foto-Itawi-Albuquerque-2.jpg\" alt=\"\" class=\"wp-image-18363\" srcset=\"https:\/\/4cantosalagoas.com.br\/portal\/wp-content\/uploads\/2022\/06\/12-04-22-Domingo-e-Livre-Onibus-SMTT-Foto-Itawi-Albuquerque-2.jpg 845w, https:\/\/4cantosalagoas.com.br\/portal\/wp-content\/uploads\/2022\/06\/12-04-22-Domingo-e-Livre-Onibus-SMTT-Foto-Itawi-Albuquerque-2-300x199.jpg 300w, https:\/\/4cantosalagoas.com.br\/portal\/wp-content\/uploads\/2022\/06\/12-04-22-Domingo-e-Livre-Onibus-SMTT-Foto-Itawi-Albuquerque-2-768x509.jpg 768w\" sizes=\"(max-width: 845px) 100vw, 845px\" \/><figcaption> <br><em>Ser\u00e3o 24 linhas com gratuidade nos festejos juninos de Jaragu\u00e1. Foto: Itawi Albuquerque\/Secom Macei\u00f3<\/em> <\/figcaption><\/figure>\n\n\n\n<p>&#8220;A festa em Macei\u00f3 \u00e9 de todos e para todos. E foi com esse pensamento que, em conversas com as empresas, vamos disponibilizar \u00f4nibus gr\u00e1tis para quem for se deslocar ao evento&#8221;, pontuou o superintendente da SMTT, Andr\u00e9 Costa.<\/p>\n\n\n\n<p>Ao todo ser\u00e3o 24 linhas com gratuidade. Os \u00f4nibus que n\u00e3o v\u00e3o cobrar a passagem ter\u00e3o em seus letreiros o n\u00famero da linha e a legenda S\u00e3o Jo\u00e3o Massay\u00f3. Os usu\u00e1rios v\u00e3o acessar os ve\u00edculos pelas portas do meio e traseira, sem precisar apresentar o cart\u00e3o VAMU para garantir mais agilidade aos embarques.<\/p>\n\n\n\n<p>&#8220;\u00c9 importante ressaltar que n\u00e3o s\u00f3 quem vai para os festejos ter\u00e1 acesso aos ve\u00edculos sem pagar. Independente de ir ou n\u00e3o curtir a festa, quem pegar os coletivos que fazem o trajeto pela regi\u00e3o, dentro do hor\u00e1rio definido, vai ter o benef\u00edcio da gratuidade&#8221;, pontuou o titular da pasta.<\/p>\n\n\n\n<p><strong>Confira abaixo as linhas gratuitas do S\u00e3o Jo\u00e3o Massay\u00f3 no polo Jaragu\u00e1<\/strong><\/p>\n\n\n\n<p>601 \u2013 T.I. B. Bentes X Jati\u00faca\/Rota do Mar<\/p>\n\n\n\n<p>602 \u2013 Salvador Lyra X Macei\u00f3 Shopping<\/p>\n\n\n\n<p>607 \u2013 Eust\u00e1quio Gomes X Macei\u00f3 Shopping<\/p>\n\n\n\n<p>612 \u2013 Forene X Jati\u00faca &#8211; via Centro\/Ponta Verde<\/p>\n\n\n\n<p>703 \u2013 B. Bentes X Ponta Verde\/Gruta<\/p>\n\n\n\n<p>704 \u2013 B. Bentes X Ponta Verde\/Farol\/Macei\u00f3 Shopping (Terminal Integrado)<\/p>\n\n\n\n<p>706 \u2013 Eust\u00e1quio Gomes X Ponta Verde\/Via Expressa<\/p>\n\n\n\n<p>707 \u2013 Graciliano Ramos X Ponta Verde<\/p>\n\n\n\n<p>717 \u2013 Village Campestre II X Ponta Verde\/Cambuci<\/p>\n\n\n\n<p>709 \u2013 Ch\u00e3 da Jaqueira\/Ponta Verde<\/p>\n\n\n\n<p>710 \u2013 Ch\u00e3 da Jaqueira\/Ponta Verde<\/p>\n\n\n\n<p>711 \u2013 UFAL &#8211; via Colina\/Cambona\/Jaragu\u00e1\/Ponta Verde<\/p>\n\n\n\n<p>712 \u2013 Santos Dumont X Ponta Verde\/Farol<\/p>\n\n\n\n<p>715 \u2013 Rio Novo\/Ponta Verde &#8211; via Bebedouro<\/p>\n\n\n\n<p>716 \u2013 Clima Bom\/Ponta Verde<\/p>\n\n\n\n<p>719 \u2013 Ch\u00e3 Nova\/Ponta Verde<\/p>\n\n\n\n<p>223 \u2013 Ipioca X Mercado<\/p>\n\n\n\n<p>504 \u2013 Pontal\/S\u00e3o Jorge<\/p>\n\n\n\n<p>603 \u2013 Mirante\/Vergel<\/p>\n\n\n\n<p>610 \u2013 Terminal Cruz das Almas X Ouro Preto<\/p>\n\n\n\n<p>613 \u2013 Vergel\/Guaxuma<\/p>\n\n\n\n<p>614 \u2013 Trapiche\/Mangabeiras<\/p>\n\n\n\n<p>700 \u2013 Sanat\u00f3rio\/Ponta Verde<\/p>\n\n\n\n<p>708 \u2013 Cruz das almas X Ponta Verde<\/p>\n\n\n\n<p>Das linhas acima, 14 ser\u00e3o refor\u00e7adas durante o per\u00edodo da festa. S\u00e3o elas: 601, 602, 607, 704, 717, 709, 710, 712, 715, 716, 223, 504, 603 e 614.<\/p>\n\n\n\n<p>&#8220;Preparamos o refor\u00e7o de linhas justamente para que haja um atendimento equilibrado, com o aumento de viagens&#8221;, pontuou a diretora do Sistema Integrado de Mobilidade de Macei\u00f3 (SIMM), Paula Isanelle.<\/p>\n\n\n\n<p>Ela ressaltou que alguns coletivos v\u00e3o contar com shows de trios de Forr\u00f3 P\u00e9 de Serra no trajeto at\u00e9 os festejos juninos, da quinta (23) at\u00e9 o s\u00e1bado (29).<\/p>\n\n\n\n<p>&#8220;J\u00e1 para manter o clima junino que se instalou na cidade desde o S\u00e3o Jo\u00e3o de Macei\u00f3 no Benedito Bentes, a partir da pr\u00f3xima quinta-feira e indo at\u00e9 o s\u00e1bado, teremos trios p\u00e9-de-serra em alguns desses \u00f4nibus durante o trajeto. Nos outros dias, os grupos v\u00eam tocando em diversos terminais da cidade desde o dia 10 de junho&#8221;, completou a diretora do SIMM.<\/p>\n\n\n\n<p><strong>S\u00e3o Jo\u00e3o gerando empregos<\/strong><\/p>\n\n\n\n<p>Com toda opera\u00e7\u00e3o montada para o S\u00e3o Jo\u00e3o ser\u00e3o colocados 80 \u00f4nibus a mais nas ruas. A inclus\u00e3o proporcionar\u00e1 ainda a gera\u00e7\u00e3o de empregos, com a contrata\u00e7\u00e3o de motoristas para o per\u00edodo, atendendo em sua totalidade a demanda.<\/p>\n\n\n\n<p>&#8220;\u00c9 a maior opera\u00e7\u00e3o de transporte p\u00fablico da hist\u00f3ria de Macei\u00f3, com toda estrat\u00e9gia pensada para dar condi\u00e7\u00f5es de mobilidade aos cidad\u00e3os maceioenses e tamb\u00e9m \u00e0queles que visitar\u00e3o a nossa cidade durante os festejos. Mas pensamos al\u00e9m, e toda essa movimenta\u00e7\u00e3o dar\u00e1 a oportunidade a trabalhadores de executarem a sua atividade, mesmo que temporariamente&#8221;, destacou o superintendente da SMTT.<\/p>\n\n\n\n<p>Al\u00e9m da cria\u00e7\u00e3o de empregos diretos ligados ao transporte p\u00fablico, h\u00e1 ainda a gera\u00e7\u00e3o de renda durante o evento, al\u00e9m de todo trabalho de incentivo \u00e0 cultura e ao lazer em Macei\u00f3.<\/p>\n\n\n\n<p><strong>Itiner\u00e1rio dos \u00f4nibus<\/strong><\/p>\n\n\n\n<p>O itiner\u00e1rio dos \u00f4nibus ocorrer\u00e1 pelas ruas Epaminondas Gracindo, S\u00e1 e Albuquerque at\u00e9 \u00e0 Pra\u00e7a Dois Le\u00f5es, onde acessar\u00e1 a Rua Bar\u00e3o de Jaragu\u00e1, cruzando a Avenida Comendador Le\u00e3o para acessar as ruas Campos Sales e Doutor Baptista Accioly, seguindo pela Travessa 13 de Maio (ao lado do Sesc Po\u00e7o).<\/p>\n\n\n\n<p>Outro fluxo ser\u00e1 acessando a Rua Pedro Paulino (Sesc Po\u00e7o), cruzando a Avenida Walter Ananias e a Rua do Uruguai, passando pela Avenida Juca Nunes e saindo pela Rua Doutor Baptista Accioly. Em seguida, continua pelo itiner\u00e1rio normal pela Avenida da Paz, Pra\u00e7a Sinimb\u00fa, Travessa Sete de Setembro e Avenida Walter Ananias.<\/p>\n\n\n\n<p>Assessoria<\/p>\n","protected":false},"excerpt":{"rendered":"<p>&#8220;A festa em Macei\u00f3 \u00e9 de todos e para todos. E foi com esse pensamento que, em<\/p>\n","protected":false},"author":1,"featured_media":18363,"comment_status":"open","ping_status":"open","sticky":false,"template":"","format":"standard","meta":{"footnotes":""},"categories":[60],"tags":[],"class_list":["post-18362","post","type-post","status-publish","format-standard","has-post-thumbnail","hentry","category-capa"],"_links":{"self":[{"href":"https:\/\/4cantosalagoas.com.br\/portal\/wp-json\/wp\/v2\/posts\/18362","targetHints":{"allow":["GET"]}}],"collection":[{"href":"https:\/\/4cantosalagoas.com.br\/portal\/wp-json\/wp\/v2\/posts"}],"about":[{"href":"https:\/\/4cantosalagoas.com.br\/portal\/wp-json\/wp\/v2\/types\/post"}],"author":[{"embeddable":true,"href":"https:\/\/4cantosalagoas.com.br\/portal\/wp-json\/wp\/v2\/users\/1"}],"replies":[{"embeddable":true,"href":"https:\/\/4cantosalagoas.com.br\/portal\/wp-json\/wp\/v2\/comments?post=18362"}],"version-history":[{"count":1,"href":"https:\/\/4cantosalagoas.com.br\/portal\/wp-json\/wp\/v2\/posts\/18362\/revisions"}],"predecessor-version":[{"id":18364,"href":"https:\/\/4cantosalagoas.com.br\/portal\/wp-json\/wp\/v2\/posts\/18362\/revisions\/18364"}],"wp:featuredmedia":[{"embeddable":true,"href":"https:\/\/4cantosalagoas.com.br\/portal\/wp-json\/wp\/v2\/media\/18363"}],"wp:attachment":[{"href":"https:\/\/4cantosalagoas.com.br\/portal\/wp-json\/wp\/v2\/media?parent=18362"}],"wp:term":[{"taxonomy":"category","embeddable":true,"href":"https:\/\/4cantosalagoas.com.br\/portal\/wp-json\/wp\/v2\/categories?post=18362"},{"taxonomy":"post_tag","embeddable":true,"href":"https:\/\/4cantosalagoas.com.br\/portal\/wp-json\/wp\/v2\/tags?post=18362"}],"curies":[{"name":"wp","href":"https:\/\/api.w.org\/{rel}","templated":true}]}}