{"id":18359,"date":"2022-06-21T07:12:51","date_gmt":"2022-06-21T10:12:51","guid":{"rendered":"http:\/\/4cantosalagoas.com.br\/portal\/?p=18359"},"modified":"2022-06-21T07:12:55","modified_gmt":"2022-06-21T10:12:55","slug":"maceio-comeca-a-vacinar-pessoas-com-40-anos-ou-mais-com-a-4a-dose","status":"publish","type":"post","link":"https:\/\/4cantosalagoas.com.br\/portal\/maceio-comeca-a-vacinar-pessoas-com-40-anos-ou-mais-com-a-4a-dose\/","title":{"rendered":"Macei\u00f3 come\u00e7a a vacinar pessoas com 40 anos ou mais com a 4\u00aa dose"},"content":{"rendered":"\n<figure class=\"wp-block-image\"><img fetchpriority=\"high\" decoding=\"async\" width=\"850\" height=\"560\" src=\"http:\/\/4cantosalagoas.com.br\/portal\/wp-content\/uploads\/2022\/06\/VACINACAO-EDVAN-FERREIRA-4_2022-06-20-175432_yfja.jpg\" alt=\"\" class=\"wp-image-18360\" srcset=\"https:\/\/4cantosalagoas.com.br\/portal\/wp-content\/uploads\/2022\/06\/VACINACAO-EDVAN-FERREIRA-4_2022-06-20-175432_yfja.jpg 850w, https:\/\/4cantosalagoas.com.br\/portal\/wp-content\/uploads\/2022\/06\/VACINACAO-EDVAN-FERREIRA-4_2022-06-20-175432_yfja-300x198.jpg 300w, https:\/\/4cantosalagoas.com.br\/portal\/wp-content\/uploads\/2022\/06\/VACINACAO-EDVAN-FERREIRA-4_2022-06-20-175432_yfja-768x506.jpg 768w\" sizes=\"(max-width: 850px) 100vw, 850px\" \/><figcaption> <br><em>Pessoas com 40 anos ou mais podem se vacinar com 4\u00aa dose. Foto: Edvan Ferreira\/Secom Macei\u00f3<\/em> <\/figcaption><\/figure>\n\n\n\n<p>A Prefeitura de Macei\u00f3 inicia, nesta segunda-feira (20), a aplica\u00e7\u00e3o da 4\u00aa dose da vacina contra a Covid-19 para a popula\u00e7\u00e3o na faixa et\u00e1ria de 40 anos ou mais. Para a aplica\u00e7\u00e3o do imunizante, a popula\u00e7\u00e3o pode procurar uma das Unidades de Sa\u00fade que aplicam a vacina para o p\u00fablico adulto ou um dos tr\u00eas pontos fixos da capital, que s\u00e3o o Macei\u00f3 Shopping (Mangabeiras), Caraj\u00e1s Home Center (Tabuleiro do Martins) e P\u00e1tio Shopping (Cidade Universit\u00e1ria).<\/p>\n\n\n\n<p>A vacina pode ser aplicada nas pessoas que t\u00eam mais de quatro meses (120 dias) de intervalo da dose de refor\u00e7o (3\u00aa dose) e que tomaram o primeiro esquema vacinal com os imunizantes da Coronavac, Astrazeneca e Pfizer.<\/p>\n\n\n\n<p>J\u00e1 para quem tomou a vacina da Janssen, as pessoas de 18 a 39 anos est\u00e3o aptas a receber dois refor\u00e7os (o primeiro dois meses ap\u00f3s a dose D e o segundo quatro meses ap\u00f3s o refor\u00e7o) e pessoas acima de 40 anos, al\u00e9m da dose \u00fanica, podem receber mais 3 outras doses (a primeira dois meses ap\u00f3s a dose D, a segunda ap\u00f3s quatro meses do refor\u00e7o e a terceira ap\u00f3s quatro meses do segundo refor\u00e7o). Para a aplica\u00e7\u00e3o, \u00e9 preciso apresentar documento de identifica\u00e7\u00e3o com foto e cart\u00e3o de vacina\u00e7\u00e3o.<\/p>\n\n\n\n<p>De acordo com o coordenador da vacina\u00e7\u00e3o contra a Covid-19 em Macei\u00f3, Clayldson Moura, a capital continua saindo na frente devido \u00e0 organiza\u00e7\u00e3o, planejamento e comprometimento da gest\u00e3o em ampliar o p\u00fablico atendido pelo segundo refor\u00e7o contra a Covid-19.<\/p>\n\n\n\n<p>\u201cEssa \u00e9 uma orienta\u00e7\u00e3o do Minist\u00e9rio da Sa\u00fade, que j\u00e1 mostrou que tamb\u00e9m pretende fazer essa amplia\u00e7\u00e3o para prevenir um novo aumento de casos da doen\u00e7a. Os n\u00fameros est\u00e3o controlados, mas isso s\u00f3 \u00e9 poss\u00edvel por conta da vacina que salvou e salva muitas vidas. Se voc\u00ea j\u00e1 tem idade para se vacinar, procure um dos pontos e se proteja\u201d, destaca o coordenador.<\/p>\n\n\n\n<p><strong>Confira os pontos fixos para aplica\u00e7\u00e3o da vacina<\/strong><\/p>\n\n\n\n<p>Macei\u00f3 Shopping (segunda a s\u00e1bado das 9h \u00e0s 21h)<\/p>\n\n\n\n<p>Caraj\u00e1s Home Center (segunda a s\u00e1bado das 9h \u00e0s 16h)<\/p>\n\n\n\n<p>P\u00e1tio Shopping (segunda a s\u00e1bado, das 15h \u00e0s 21h e domingo das 12h \u00e0s 18h)<\/p>\n\n\n\n<p><strong>Unidades de Sa\u00fade<\/strong><\/p>\n\n\n\n<p><strong>Com funcionamento de segunda a sexta-feira, das 9h \u00e0s 16h<\/strong><\/p>\n\n\n\n<p>Unidade de Refer\u00eancia em Sa\u00fade Ib Gatto Falc\u00e3o (Tabuleiro)<\/p>\n\n\n\n<p>Unidade de Refer\u00eancia em Sa\u00fade Jo\u00e3o Paulo II (Jacintinho)<\/p>\n\n\n\n<p>Unidade de Sa\u00fade da Fam\u00edlia Jo\u00e3o Sampaio (Conjunto Jo\u00e3o Sampaio)<\/p>\n\n\n\n<p>Unidade de Sa\u00fade da Fam\u00edlia Ouro Preto (Ouro Preto)<\/p>\n\n\n\n<p>Unidade B\u00e1sica de Sa\u00fade Marlene Fernandes Lanverly (Santa L\u00facia)<\/p>\n\n\n\n<p>Unidade B\u00e1sica de Sa\u00fade Jos\u00e9 Pimentel Amorim (Salvador Lyra)<\/p>\n\n\n\n<p>Unidade B\u00e1sica de Sa\u00fade Roland Simon (Vergel do Lago)<\/p>\n\n\n\n<p>Unidade de Sa\u00fade da Fam\u00edlia Jos\u00e9 Maria de Vasconcelos (S\u00e3o Jorge)<\/p>\n\n\n\n<p>Unidade B\u00e1sica de Sa\u00fade Jos\u00e9 Guedes de Farias (Santa Am\u00e9lia)<\/p>\n\n\n\n<p>Unidade de Refer\u00eancia em Sa\u00fade Maria da Concei\u00e7\u00e3o Fonseca Paranhos (Jacarecica)<\/p>\n\n\n\n<p>Unidade B\u00e1sica de Sa\u00fade Jos\u00e9 Ten\u00f3rio (Serraria)<\/p>\n\n\n\n<p>Unidade de Refer\u00eancia em Sa\u00fade Pitanguinha<\/p>\n\n\n\n<p>Unidade B\u00e1sica de Sa\u00fade Oswaldo Brand\u00e3o Vilela (Ponta da Terra)<\/p>\n\n\n\n<p>Unidade B\u00e1sica de Sa\u00fade Aliomar de Almeida Lins (Benedito Bentes)<\/p>\n\n\n\n<p>Unidade B\u00e1sica de Sa\u00fade Dr. Ant\u00f4nio de P\u00e1dua (Jardim Petr\u00f3polis)<\/p>\n\n\n\n<p>Unidade B\u00e1sica de Sa\u00fade Professor Durval Cortez (Prado)<\/p>\n\n\n\n<p>Unidade de Sa\u00fade da Fam\u00edlia Tereza Barbosa (Eust\u00e1quio Gomes)<\/p>\n\n\n\n<p>Assessoria<\/p>\n","protected":false},"excerpt":{"rendered":"<p>A Prefeitura de Macei\u00f3 inicia, nesta segunda-feira (20), a aplica\u00e7\u00e3o da 4\u00aa dose da vacina contra a<\/p>\n","protected":false},"author":1,"featured_media":18360,"comment_status":"open","ping_status":"open","sticky":false,"template":"","format":"standard","meta":{"footnotes":""},"categories":[60],"tags":[],"class_list":["post-18359","post","type-post","status-publish","format-standard","has-post-thumbnail","hentry","category-capa"],"_links":{"self":[{"href":"https:\/\/4cantosalagoas.com.br\/portal\/wp-json\/wp\/v2\/posts\/18359","targetHints":{"allow":["GET"]}}],"collection":[{"href":"https:\/\/4cantosalagoas.com.br\/portal\/wp-json\/wp\/v2\/posts"}],"about":[{"href":"https:\/\/4cantosalagoas.com.br\/portal\/wp-json\/wp\/v2\/types\/post"}],"author":[{"embeddable":true,"href":"https:\/\/4cantosalagoas.com.br\/portal\/wp-json\/wp\/v2\/users\/1"}],"replies":[{"embeddable":true,"href":"https:\/\/4cantosalagoas.com.br\/portal\/wp-json\/wp\/v2\/comments?post=18359"}],"version-history":[{"count":1,"href":"https:\/\/4cantosalagoas.com.br\/portal\/wp-json\/wp\/v2\/posts\/18359\/revisions"}],"predecessor-version":[{"id":18361,"href":"https:\/\/4cantosalagoas.com.br\/portal\/wp-json\/wp\/v2\/posts\/18359\/revisions\/18361"}],"wp:featuredmedia":[{"embeddable":true,"href":"https:\/\/4cantosalagoas.com.br\/portal\/wp-json\/wp\/v2\/media\/18360"}],"wp:attachment":[{"href":"https:\/\/4cantosalagoas.com.br\/portal\/wp-json\/wp\/v2\/media?parent=18359"}],"wp:term":[{"taxonomy":"category","embeddable":true,"href":"https:\/\/4cantosalagoas.com.br\/portal\/wp-json\/wp\/v2\/categories?post=18359"},{"taxonomy":"post_tag","embeddable":true,"href":"https:\/\/4cantosalagoas.com.br\/portal\/wp-json\/wp\/v2\/tags?post=18359"}],"curies":[{"name":"wp","href":"https:\/\/api.w.org\/{rel}","templated":true}]}}