{"id":18313,"date":"2022-06-14T11:10:40","date_gmt":"2022-06-14T14:10:40","guid":{"rendered":"http:\/\/4cantosalagoas.com.br\/portal\/?p=18313"},"modified":"2022-06-14T11:10:43","modified_gmt":"2022-06-14T14:10:43","slug":"confira-o-horario-de-funcionamento-dos-mercados-publicos-e-shopping-popular-no-feriado-de-corpus-christi","status":"publish","type":"post","link":"https:\/\/4cantosalagoas.com.br\/portal\/confira-o-horario-de-funcionamento-dos-mercados-publicos-e-shopping-popular-no-feriado-de-corpus-christi\/","title":{"rendered":"Confira o hor\u00e1rio de funcionamento dos mercados p\u00fablicos e Shopping Popular no feriado de Corpus Christi"},"content":{"rendered":"\n<figure class=\"wp-block-image\"><img fetchpriority=\"high\" decoding=\"async\" width=\"850\" height=\"560\" src=\"http:\/\/4cantosalagoas.com.br\/portal\/wp-content\/uploads\/2022\/06\/13-04-22-Consumidores-semana-santa-Mercado-da-producao-Artesanato-Centro-Pesqueiro-Carlos-Ronalsa-SEMTABES-Foto-Celio-Junior-13.jpg\" alt=\"\" class=\"wp-image-18314\" srcset=\"https:\/\/4cantosalagoas.com.br\/portal\/wp-content\/uploads\/2022\/06\/13-04-22-Consumidores-semana-santa-Mercado-da-producao-Artesanato-Centro-Pesqueiro-Carlos-Ronalsa-SEMTABES-Foto-Celio-Junior-13.jpg 850w, https:\/\/4cantosalagoas.com.br\/portal\/wp-content\/uploads\/2022\/06\/13-04-22-Consumidores-semana-santa-Mercado-da-producao-Artesanato-Centro-Pesqueiro-Carlos-Ronalsa-SEMTABES-Foto-Celio-Junior-13-300x198.jpg 300w, https:\/\/4cantosalagoas.com.br\/portal\/wp-content\/uploads\/2022\/06\/13-04-22-Consumidores-semana-santa-Mercado-da-producao-Artesanato-Centro-Pesqueiro-Carlos-Ronalsa-SEMTABES-Foto-Celio-Junior-13-768x506.jpg 768w\" sizes=\"(max-width: 850px) 100vw, 850px\" \/><figcaption> <br><em>Mercados p\u00fablicos e feiras ter\u00e3o hor\u00e1rio especial para atendimento ao p\u00fablico (Foto: C\u00e9lio Junior\/Secom Macei\u00f3)<\/em> <\/figcaption><\/figure>\n\n\n\n<p>A Secretaria Municipal do Trabalho, Abastecimento e Economia Solid\u00e1ria (Semtabes) informa o hor\u00e1rio de funcionamento dos mercados p\u00fablicos, feiras livres, shoppings populares e Centro Pesqueiro para o feriado de Corpus Christi, que ocorre nesta quinta-feira (16).<\/p>\n\n\n\n<p>Em alguns locais, n\u00e3o haver\u00e1 mudan\u00e7a no funcionamento e outros ir\u00e3o funcionar com hor\u00e1rio especial de atendimento ao p\u00fablico.&nbsp;<strong>Confira os hor\u00e1rios:<\/strong><\/p>\n\n\n\n<ul class=\"wp-block-list\"><li>Mercado e feira do Jacintinho: das 5h \u00e0s 14h;<\/li><li>Mercado e feira do Benedito Bentes:&nbsp;<strong>mercado&nbsp;<\/strong>das 6h \u00e0s 15h |&nbsp;<strong>feira<\/strong>&nbsp;das 6h \u00e0s 17h;<\/li><li>Mercado e feira do Tabuleiro: das 5h \u00e0s 15h;<\/li><li>Mercado do Jaragu\u00e1: das 6h \u00e0s 16h;<\/li><li>Mercado do Artesanato: das 7h \u00e0s 15h;<\/li><li>Mercado da Produ\u00e7\u00e3o: das 5h \u00e0s 15h;<\/li><li>Mercado e Shopping dos Caet\u00e9s:&nbsp;<strong>mercado<\/strong>&nbsp;das 6h \u00e0s 15h |&nbsp;<strong>Shopping<\/strong>&nbsp;das 10h \u00e0s 18h;<\/li><li>Shopping Popular: das 8h \u00e0s 14h;<\/li><li>Centro Pesqueiro: das 6h \u00e0s 14h;<\/li><li>Feira da Jati\u00faca: das 7h \u00e0s 14h.<\/li><\/ul>\n\n\n\n<p>As demais feiras livres acompanham o hor\u00e1rio de funcionamento dos respectivos mercados. J\u00e1 o posto de atendimento ao trabalhador do Sine Macei\u00f3 estar\u00e1 fechado durante o feriado. Na sexta-feira (17), os equipamentos p\u00fablicos voltam a funcionar no hor\u00e1rio normal.<\/p>\n\n\n\n<p>Assessoria<\/p>\n","protected":false},"excerpt":{"rendered":"<p>A Secretaria Municipal do Trabalho, Abastecimento e Economia Solid\u00e1ria (Semtabes) informa o hor\u00e1rio de funcionamento dos mercados<\/p>\n","protected":false},"author":1,"featured_media":18314,"comment_status":"open","ping_status":"open","sticky":false,"template":"","format":"standard","meta":{"footnotes":""},"categories":[60],"tags":[],"class_list":["post-18313","post","type-post","status-publish","format-standard","has-post-thumbnail","hentry","category-capa"],"_links":{"self":[{"href":"https:\/\/4cantosalagoas.com.br\/portal\/wp-json\/wp\/v2\/posts\/18313","targetHints":{"allow":["GET"]}}],"collection":[{"href":"https:\/\/4cantosalagoas.com.br\/portal\/wp-json\/wp\/v2\/posts"}],"about":[{"href":"https:\/\/4cantosalagoas.com.br\/portal\/wp-json\/wp\/v2\/types\/post"}],"author":[{"embeddable":true,"href":"https:\/\/4cantosalagoas.com.br\/portal\/wp-json\/wp\/v2\/users\/1"}],"replies":[{"embeddable":true,"href":"https:\/\/4cantosalagoas.com.br\/portal\/wp-json\/wp\/v2\/comments?post=18313"}],"version-history":[{"count":1,"href":"https:\/\/4cantosalagoas.com.br\/portal\/wp-json\/wp\/v2\/posts\/18313\/revisions"}],"predecessor-version":[{"id":18315,"href":"https:\/\/4cantosalagoas.com.br\/portal\/wp-json\/wp\/v2\/posts\/18313\/revisions\/18315"}],"wp:featuredmedia":[{"embeddable":true,"href":"https:\/\/4cantosalagoas.com.br\/portal\/wp-json\/wp\/v2\/media\/18314"}],"wp:attachment":[{"href":"https:\/\/4cantosalagoas.com.br\/portal\/wp-json\/wp\/v2\/media?parent=18313"}],"wp:term":[{"taxonomy":"category","embeddable":true,"href":"https:\/\/4cantosalagoas.com.br\/portal\/wp-json\/wp\/v2\/categories?post=18313"},{"taxonomy":"post_tag","embeddable":true,"href":"https:\/\/4cantosalagoas.com.br\/portal\/wp-json\/wp\/v2\/tags?post=18313"}],"curies":[{"name":"wp","href":"https:\/\/api.w.org\/{rel}","templated":true}]}}