{"id":18311,"date":"2022-06-14T10:05:02","date_gmt":"2022-06-14T13:05:02","guid":{"rendered":"http:\/\/4cantosalagoas.com.br\/portal\/?p=18311"},"modified":"2022-06-14T11:06:45","modified_gmt":"2022-06-14T14:06:45","slug":"policia-civil-prende-homem-por-estupro-de-vulneravel-em-penedo","status":"publish","type":"post","link":"https:\/\/4cantosalagoas.com.br\/portal\/policia-civil-prende-homem-por-estupro-de-vulneravel-em-penedo\/","title":{"rendered":"Pol\u00edcia Civil prende homem por estupro de vulner\u00e1vel em Penedo"},"content":{"rendered":"\n<figure class=\"wp-block-image\"><img fetchpriority=\"high\" decoding=\"async\" width=\"600\" height=\"400\" src=\"http:\/\/4cantosalagoas.com.br\/portal\/wp-content\/uploads\/2021\/07\/PC.thumbnail.jpg\" alt=\"\" class=\"wp-image-15644\" srcset=\"https:\/\/4cantosalagoas.com.br\/portal\/wp-content\/uploads\/2021\/07\/PC.thumbnail.jpg 600w, https:\/\/4cantosalagoas.com.br\/portal\/wp-content\/uploads\/2021\/07\/PC.thumbnail-300x200.jpg 300w\" sizes=\"(max-width: 600px) 100vw, 600px\" \/><figcaption>Assessoria<\/figcaption><\/figure>\n\n\n\n<p> Policiais civis da Delegacia Regional de Penedo (7\u00aa DRP), coordenados pelo delegado R\u00f4mulo Andrade, prenderam na manh\u00e3 desta segunda-feira (13) um homem de 33 anos, no conjunto Vale do Marituba,\u00a0suspeito de crime de estupro de vulner\u00e1vel contra uma crian\u00e7a de 11 anos de idade, no munic\u00edpio.\u00a0<br>\u201cFamiliares da crian\u00e7a procuraram a Delegacia Regional e demos in\u00edcio \u00e0s investiga\u00e7\u00f5es no dia 26 de maio, e por meio de um trabalho minucioso e sigiloso esclarecemos o caso, inclusive j\u00e1 juntamos o laudo de Exame de Corpo de Delito no inqu\u00e9rito policial\u201d, revelou o delegado R\u00f4mulo Andrade.\u00a0<br>O autor do crime foi detido em cumprimento a mandado de pris\u00e3o solicitado pela Delegacia Regional de Penedo, sendo acatado e expedido pela 4\u00aa Vara Criminal.<br>Ap\u00f3s a pris\u00e3o, o homem foi conduzido para a carceragem da 7\u00aa DRP, no Centro Integrado de Seguran\u00e7a P\u00fablica (Cisp) de Penedo, ficando agora a disposi\u00e7\u00e3o da Justi\u00e7a.<br>De acordo com informa\u00e7\u00f5es da 7\u00aa Delegacia Regional, o acusado invadiu a casa da v\u00edtima e a estuprou a for\u00e7a. O crime ocorreu no m\u00eas de mar\u00e7o deste ano.<br>O delegado e a equipe da Pol\u00edcia Civil, que assumiram a 7\u00aa DRP no dia 24 do m\u00eas passado, disse ainda que as investiga\u00e7\u00f5es seguem com o objetivo de saber se h\u00e1 outras v\u00edtimas de estupro praticados por ele no munic\u00edpio de Penedo. E caso algu\u00e9m tenha sido v\u00edtima deve procurar a Pol\u00edcia. <\/p>\n\n\n\n<p>Assessoria<\/p>\n","protected":false},"excerpt":{"rendered":"<p>Policiais civis da Delegacia Regional de Penedo (7\u00aa DRP), coordenados pelo delegado R\u00f4mulo Andrade, prenderam na manh\u00e3<\/p>\n","protected":false},"author":1,"featured_media":15644,"comment_status":"open","ping_status":"open","sticky":false,"template":"","format":"standard","meta":{"footnotes":""},"categories":[60],"tags":[],"class_list":["post-18311","post","type-post","status-publish","format-standard","has-post-thumbnail","hentry","category-capa"],"_links":{"self":[{"href":"https:\/\/4cantosalagoas.com.br\/portal\/wp-json\/wp\/v2\/posts\/18311","targetHints":{"allow":["GET"]}}],"collection":[{"href":"https:\/\/4cantosalagoas.com.br\/portal\/wp-json\/wp\/v2\/posts"}],"about":[{"href":"https:\/\/4cantosalagoas.com.br\/portal\/wp-json\/wp\/v2\/types\/post"}],"author":[{"embeddable":true,"href":"https:\/\/4cantosalagoas.com.br\/portal\/wp-json\/wp\/v2\/users\/1"}],"replies":[{"embeddable":true,"href":"https:\/\/4cantosalagoas.com.br\/portal\/wp-json\/wp\/v2\/comments?post=18311"}],"version-history":[{"count":1,"href":"https:\/\/4cantosalagoas.com.br\/portal\/wp-json\/wp\/v2\/posts\/18311\/revisions"}],"predecessor-version":[{"id":18312,"href":"https:\/\/4cantosalagoas.com.br\/portal\/wp-json\/wp\/v2\/posts\/18311\/revisions\/18312"}],"wp:featuredmedia":[{"embeddable":true,"href":"https:\/\/4cantosalagoas.com.br\/portal\/wp-json\/wp\/v2\/media\/15644"}],"wp:attachment":[{"href":"https:\/\/4cantosalagoas.com.br\/portal\/wp-json\/wp\/v2\/media?parent=18311"}],"wp:term":[{"taxonomy":"category","embeddable":true,"href":"https:\/\/4cantosalagoas.com.br\/portal\/wp-json\/wp\/v2\/categories?post=18311"},{"taxonomy":"post_tag","embeddable":true,"href":"https:\/\/4cantosalagoas.com.br\/portal\/wp-json\/wp\/v2\/tags?post=18311"}],"curies":[{"name":"wp","href":"https:\/\/api.w.org\/{rel}","templated":true}]}}