{"id":18308,"date":"2022-06-14T11:03:07","date_gmt":"2022-06-14T14:03:07","guid":{"rendered":"http:\/\/4cantosalagoas.com.br\/portal\/?p=18308"},"modified":"2022-06-14T11:03:11","modified_gmt":"2022-06-14T14:03:11","slug":"policia-civil-prende-suspeito-de-matar-entregador-na-feirinha-do-tabuleiro","status":"publish","type":"post","link":"https:\/\/4cantosalagoas.com.br\/portal\/policia-civil-prende-suspeito-de-matar-entregador-na-feirinha-do-tabuleiro\/","title":{"rendered":"Pol\u00edcia Civil prende suspeito de matar entregador na Feirinha do Tabuleiro"},"content":{"rendered":"\n<figure class=\"wp-block-image\"><img fetchpriority=\"high\" decoding=\"async\" width=\"750\" height=\"500\" src=\"http:\/\/4cantosalagoas.com.br\/portal\/wp-content\/uploads\/2022\/06\/TIGRE_PC_1.thumbnail.jpg\" alt=\"\" class=\"wp-image-18309\" srcset=\"https:\/\/4cantosalagoas.com.br\/portal\/wp-content\/uploads\/2022\/06\/TIGRE_PC_1.thumbnail.jpg 750w, https:\/\/4cantosalagoas.com.br\/portal\/wp-content\/uploads\/2022\/06\/TIGRE_PC_1.thumbnail-300x200.jpg 300w\" sizes=\"(max-width: 750px) 100vw, 750px\" \/><figcaption>Assessoria<\/figcaption><\/figure>\n\n\n\n<p>A Pol\u00edcia Civil&nbsp;de Alagoas (PC\/AL), em cumprimento a mandado de pris\u00e3o preventiva, prendeu nessa segunda-feira (13), um homem, de 21 anos, suspeito do latroc\u00ednio contra o entregador Lucas de Lima Santos, de 27 anos, ocorrido no dia 1\u00ba de abril deste ano, na Avenida Macei\u00f3, por tr\u00e1s da Feirinha do Tabuleiro do Martins, em Macei\u00f3.<\/p>\n\n\n\n<p>O suspeito foi preso na Rua Am\u00e9lia Pontes, no munic\u00edpio de Satuba\/AL, durante uma opera\u00e7\u00e3o deflagrada pela Delegacia de Homic\u00eddios e Prote\u00e7\u00e3o \u00e0 Pessoa (DHPP), que contou com o apoio do T\u00e1tico Integrado de Grupos de Resgates Especiais (Tigre). Ele resistiu \u00e0 abordagem e chegou entrar numa luta corporal com um policial, que ficou ferido.<\/p>\n\n\n\n<p>A equipe comandada pelo delegado F\u00e1bio Costa conseguiu cont\u00ea-lo, apreendendo em poder dele um rev\u00f3lver calibre 38, com a numera\u00e7\u00e3o raspada, que, provavelmente foi a arma utilizada no dia do crime. A investiga\u00e7\u00e3o continua.<\/p>\n\n\n\n<p>As investiga\u00e7\u00f5es apontam que o suspeito combinou de praticar assaltos a pessoas que vendiam pelo um site de venda. A v\u00edtima tinha publicado um an\u00fancio na plataforma para venda de um celular. De forma premeditada, junto com a companheira, o suspeito marcou com a esposa de Lucas na Feirinha do Tabuleiro, onde tudo aconteceu.<\/p>\n\n\n\n<p>De acordo com informa\u00e7\u00f5es do delegado F\u00e1bio Costa, imagens de c\u00e2meras de seguran\u00e7a que auxiliaram nas investiga\u00e7\u00f5es mostraram toda a movimenta\u00e7\u00e3o. No local acertado, a v\u00edtima e a mulher foram abordados pelo irm\u00e3o do acusado. (um adolescente de 17 anos) e pela companheira do autor, que, convidou Lucas para um beco, sob a justificativa de que iria testar o aparelho. Na verdade, Lucas foi levado para uma emboscada.<\/p>\n\n\n\n<p>Da\u00ed em diante, a grava\u00e7\u00e3o mostra que um homem, vestido com cal\u00e7a jeans, camisa azul e que usava um chap\u00e9u preto, vai ao encontro dos tr\u00eas. De acordo com a pol\u00edcia o indiv\u00edduo que foi preso nessa segunda-feira \u00e9 o suspeito do crime.<\/p>\n\n\n\n<p>O adolescente abordou Lucas e pediu o celular dele. A v\u00edtima teria negado e resistido entregar o aparelho, mesmo sob a amea\u00e7a de que iria ser morto. Como n\u00e3o atendeu, foi baleado pelo acusado na nuca quando tentava correr. Os tr\u00eas sa\u00edram do local, em seguida, tomando destino ignorado.<\/p>\n\n\n\n<p>A mulher de Lucas, conforme as imagens, ficou t\u00e3o desnorteada que tentou tirar a chave da motocicleta, mas saiu correndo pela rua, deixando o ve\u00edculo e capacete para tr\u00e1s. Ela resolveu acompanh\u00e1-lo numa motocicleta para que, ap\u00f3s a negocia\u00e7\u00e3o, os dois fossem comprar leite e fraldas para uma das filhas, em um supermercado.<\/p>\n\n\n\n<p>Assessoria<\/p>\n","protected":false},"excerpt":{"rendered":"<p>A Pol\u00edcia Civil&nbsp;de Alagoas (PC\/AL), em cumprimento a mandado de pris\u00e3o preventiva, prendeu nessa segunda-feira (13), um<\/p>\n","protected":false},"author":1,"featured_media":18309,"comment_status":"open","ping_status":"open","sticky":false,"template":"","format":"standard","meta":{"footnotes":""},"categories":[60],"tags":[],"class_list":["post-18308","post","type-post","status-publish","format-standard","has-post-thumbnail","hentry","category-capa"],"_links":{"self":[{"href":"https:\/\/4cantosalagoas.com.br\/portal\/wp-json\/wp\/v2\/posts\/18308","targetHints":{"allow":["GET"]}}],"collection":[{"href":"https:\/\/4cantosalagoas.com.br\/portal\/wp-json\/wp\/v2\/posts"}],"about":[{"href":"https:\/\/4cantosalagoas.com.br\/portal\/wp-json\/wp\/v2\/types\/post"}],"author":[{"embeddable":true,"href":"https:\/\/4cantosalagoas.com.br\/portal\/wp-json\/wp\/v2\/users\/1"}],"replies":[{"embeddable":true,"href":"https:\/\/4cantosalagoas.com.br\/portal\/wp-json\/wp\/v2\/comments?post=18308"}],"version-history":[{"count":1,"href":"https:\/\/4cantosalagoas.com.br\/portal\/wp-json\/wp\/v2\/posts\/18308\/revisions"}],"predecessor-version":[{"id":18310,"href":"https:\/\/4cantosalagoas.com.br\/portal\/wp-json\/wp\/v2\/posts\/18308\/revisions\/18310"}],"wp:featuredmedia":[{"embeddable":true,"href":"https:\/\/4cantosalagoas.com.br\/portal\/wp-json\/wp\/v2\/media\/18309"}],"wp:attachment":[{"href":"https:\/\/4cantosalagoas.com.br\/portal\/wp-json\/wp\/v2\/media?parent=18308"}],"wp:term":[{"taxonomy":"category","embeddable":true,"href":"https:\/\/4cantosalagoas.com.br\/portal\/wp-json\/wp\/v2\/categories?post=18308"},{"taxonomy":"post_tag","embeddable":true,"href":"https:\/\/4cantosalagoas.com.br\/portal\/wp-json\/wp\/v2\/tags?post=18308"}],"curies":[{"name":"wp","href":"https:\/\/api.w.org\/{rel}","templated":true}]}}