{"id":18289,"date":"2022-06-09T08:39:55","date_gmt":"2022-06-09T11:39:55","guid":{"rendered":"http:\/\/4cantosalagoas.com.br\/portal\/?p=18289"},"modified":"2022-06-09T08:39:57","modified_gmt":"2022-06-09T11:39:57","slug":"papagaios-ameacados-de-extincao-que-foram-apreendidos-pela-pf-chegam-a-alagoas","status":"publish","type":"post","link":"https:\/\/4cantosalagoas.com.br\/portal\/papagaios-ameacados-de-extincao-que-foram-apreendidos-pela-pf-chegam-a-alagoas\/","title":{"rendered":"Papagaios amea\u00e7ados de extin\u00e7\u00e3o que foram apreendidos pela PF chegam a Alagoas"},"content":{"rendered":"\n<div class=\"wp-block-image\"><figure class=\"alignleft\"><img fetchpriority=\"high\" decoding=\"async\" width=\"2800\" height=\"1576\" src=\"https:\/\/i1.wp.com\/4cantosalagoas.com.br\/portal\/wp-content\/uploads\/2022\/06\/com-apoio-da-semarh-papagaios-ameacados-de-extincao-apreendidos-pela-pf-chegam-a-alagoas.jpeg?fit=1024%2C576\" alt=\"\" class=\"wp-image-18290\" srcset=\"https:\/\/4cantosalagoas.com.br\/portal\/wp-content\/uploads\/2022\/06\/com-apoio-da-semarh-papagaios-ameacados-de-extincao-apreendidos-pela-pf-chegam-a-alagoas.jpeg 2800w, https:\/\/4cantosalagoas.com.br\/portal\/wp-content\/uploads\/2022\/06\/com-apoio-da-semarh-papagaios-ameacados-de-extincao-apreendidos-pela-pf-chegam-a-alagoas-300x169.jpeg 300w, https:\/\/4cantosalagoas.com.br\/portal\/wp-content\/uploads\/2022\/06\/com-apoio-da-semarh-papagaios-ameacados-de-extincao-apreendidos-pela-pf-chegam-a-alagoas-768x432.jpeg 768w, https:\/\/4cantosalagoas.com.br\/portal\/wp-content\/uploads\/2022\/06\/com-apoio-da-semarh-papagaios-ameacados-de-extincao-apreendidos-pela-pf-chegam-a-alagoas-1024x576.jpeg 1024w\" sizes=\"(max-width: 2800px) 100vw, 2800px\" \/><figcaption> <br>Papagaio amea\u00e7ado de extin\u00e7\u00e3o chega a Alagoas<br>\u00a0Ascom Semarh<br><br> <br>Sessenta papagaios-chau\u00e1s, esp\u00e9cie amea\u00e7ada de extin\u00e7\u00e3o, chegaram a Alagoas, nesta quarta-feira (8), e foram encaminhados para a sede do Instituto para Preserva\u00e7\u00e3o da Mata Atl\u00e2ntica (IPMA), onde ficar\u00e3o antes de serem reintroduzidos na natureza.<br><br><br><br>As aves, vindas de S\u00e3o Paulo, desembarcaram no Aeroporto Zumbi dos Palmares ainda durante a manh\u00e3. Elas foram apreendidas em opera\u00e7\u00f5es deflagradas pela Pol\u00edcia Federal e levadas para institui\u00e7\u00f5es que trabalham com conserva\u00e7\u00e3o. De l\u00e1, vieram para Alagoas.<br><br><br><br>O momento em que os animais foram soltos no espa\u00e7o destinado \u00e0s aves, no munic\u00edpio de Rio Largo, foi marcado por muita emo\u00e7\u00e3o. L\u00e1, eles v\u00e3o passar por uma s\u00e9rie de avalia\u00e7\u00f5es de sa\u00fade. Tamb\u00e9m ser\u00e3o formados casais para futuros acasalamentos e preserva\u00e7\u00e3o da esp\u00e9cie.<br><br><br><br>&#8220;Ap\u00f3s todas as etapas conclu\u00eddas, as aves ser\u00e3o reintroduzidas em matas preservadas das empresas parceiras. \u00c9 um momento de muita import\u00e2ncia, pois reitera o nosso compromisso com a pol\u00edtica de prote\u00e7\u00e3o das esp\u00e9cies nativas e do meio ambiente\u201d, declarou a secret\u00e1ria adjunta da Secretaria de Estado do Meio Ambiente e dos Recursos H\u00eddricos (Semarh), Am\u00e9lia Fernandes.<br><br><br><br>Al\u00e9m da pasta, a a\u00e7\u00e3o, que visa \u00e0 prote\u00e7\u00e3o da esp\u00e9cie de ave amea\u00e7ada, conta com a participa\u00e7\u00e3o do Minist\u00e9rio P\u00fablico de Alagoas (MPAL); do Instituto do Meio Ambiente (IMA); do Batalh\u00e3o de Prote\u00e7\u00e3o Ambiental (BPMA); Universidade Federal de Alagoas (Ufal;, da Universidade de S\u00e3o Paulo (USP); Universidade Federal de S\u00e3o Carlos (UFSCAR); Instituto para Preserva\u00e7\u00e3o da Mata Atl\u00e2ntica (IPMA); Instituto Chico Mendes de Conserva\u00e7\u00e3o da Biodiversidade (ICMBio\/CEMAVE), e das empresas Usinas Coruripe, Caet\u00e9, Sumauma, Utinga e Grupo Lu\u00eds Jatob\u00e1.  <\/figcaption><\/figure><\/div>\n","protected":false},"excerpt":{"rendered":"","protected":false},"author":1,"featured_media":18290,"comment_status":"open","ping_status":"open","sticky":false,"template":"","format":"standard","meta":{"footnotes":""},"categories":[60],"tags":[],"class_list":["post-18289","post","type-post","status-publish","format-standard","has-post-thumbnail","hentry","category-capa"],"_links":{"self":[{"href":"https:\/\/4cantosalagoas.com.br\/portal\/wp-json\/wp\/v2\/posts\/18289","targetHints":{"allow":["GET"]}}],"collection":[{"href":"https:\/\/4cantosalagoas.com.br\/portal\/wp-json\/wp\/v2\/posts"}],"about":[{"href":"https:\/\/4cantosalagoas.com.br\/portal\/wp-json\/wp\/v2\/types\/post"}],"author":[{"embeddable":true,"href":"https:\/\/4cantosalagoas.com.br\/portal\/wp-json\/wp\/v2\/users\/1"}],"replies":[{"embeddable":true,"href":"https:\/\/4cantosalagoas.com.br\/portal\/wp-json\/wp\/v2\/comments?post=18289"}],"version-history":[{"count":1,"href":"https:\/\/4cantosalagoas.com.br\/portal\/wp-json\/wp\/v2\/posts\/18289\/revisions"}],"predecessor-version":[{"id":18291,"href":"https:\/\/4cantosalagoas.com.br\/portal\/wp-json\/wp\/v2\/posts\/18289\/revisions\/18291"}],"wp:featuredmedia":[{"embeddable":true,"href":"https:\/\/4cantosalagoas.com.br\/portal\/wp-json\/wp\/v2\/media\/18290"}],"wp:attachment":[{"href":"https:\/\/4cantosalagoas.com.br\/portal\/wp-json\/wp\/v2\/media?parent=18289"}],"wp:term":[{"taxonomy":"category","embeddable":true,"href":"https:\/\/4cantosalagoas.com.br\/portal\/wp-json\/wp\/v2\/categories?post=18289"},{"taxonomy":"post_tag","embeddable":true,"href":"https:\/\/4cantosalagoas.com.br\/portal\/wp-json\/wp\/v2\/tags?post=18289"}],"curies":[{"name":"wp","href":"https:\/\/api.w.org\/{rel}","templated":true}]}}