{"id":18224,"date":"2022-05-31T18:25:10","date_gmt":"2022-05-31T21:25:10","guid":{"rendered":"http:\/\/4cantosalagoas.com.br\/portal\/?p=18224"},"modified":"2022-05-31T18:25:13","modified_gmt":"2022-05-31T21:25:13","slug":"transito-da-ladeira-da-moenda-e-liberado","status":"publish","type":"post","link":"https:\/\/4cantosalagoas.com.br\/portal\/transito-da-ladeira-da-moenda-e-liberado\/","title":{"rendered":"Tr\u00e2nsito da Ladeira da Moenda \u00e9 liberado"},"content":{"rendered":"\n<figure class=\"wp-block-image\"><img fetchpriority=\"high\" decoding=\"async\" width=\"850\" height=\"560\" src=\"http:\/\/4cantosalagoas.com.br\/portal\/wp-content\/uploads\/2022\/05\/Ladeira-da-Moenda-Liberada-Foto-Celio-Junior-Secom-Maceio.jpeg\" alt=\"\" class=\"wp-image-18225\" srcset=\"https:\/\/4cantosalagoas.com.br\/portal\/wp-content\/uploads\/2022\/05\/Ladeira-da-Moenda-Liberada-Foto-Celio-Junior-Secom-Maceio.jpeg 850w, https:\/\/4cantosalagoas.com.br\/portal\/wp-content\/uploads\/2022\/05\/Ladeira-da-Moenda-Liberada-Foto-Celio-Junior-Secom-Maceio-300x198.jpeg 300w, https:\/\/4cantosalagoas.com.br\/portal\/wp-content\/uploads\/2022\/05\/Ladeira-da-Moenda-Liberada-Foto-Celio-Junior-Secom-Maceio-768x506.jpeg 768w\" sizes=\"(max-width: 850px) 100vw, 850px\" \/><figcaption> <br><em>Tr\u00e2nsito da Ladeira da Moenda \u00e9 liberado. Foto: C\u00e9lio J\u00fanior\/Secom Macei\u00f3<\/em> <\/figcaption><\/figure>\n\n\n\n<p> A Prefeitura de Macei\u00f3 informa que a Ladeira da Moenda, no bairro Feitosa, foi liberada para o tr\u00e2nsito de ve\u00edculos na tarde desta ter\u00e7a-feira (31), ap\u00f3s a limpeza realizada pela Opera\u00e7\u00e3o Via Bela. A Secretaria Municipal de Infraestrutura continua no local para monitorar as resid\u00eancias e trabalha, neste primeiro momento, na cria\u00e7\u00e3o de um novo acesso \u00e0 localidade. Em seguida, ser\u00e1 dado in\u00edcio ao processo de demoli\u00e7\u00e3o dos im\u00f3veis condenados para, posteriormente, reiniciar a conten\u00e7\u00e3o da encosta. <\/p>\n\n\n\n<p>Assessoria<\/p>\n","protected":false},"excerpt":{"rendered":"<p>A Prefeitura de Macei\u00f3 informa que a Ladeira da Moenda, no bairro Feitosa, foi liberada para o<\/p>\n","protected":false},"author":1,"featured_media":18225,"comment_status":"open","ping_status":"open","sticky":false,"template":"","format":"standard","meta":{"footnotes":""},"categories":[5],"tags":[],"class_list":["post-18224","post","type-post","status-publish","format-standard","has-post-thumbnail","hentry","category-maceio"],"_links":{"self":[{"href":"https:\/\/4cantosalagoas.com.br\/portal\/wp-json\/wp\/v2\/posts\/18224","targetHints":{"allow":["GET"]}}],"collection":[{"href":"https:\/\/4cantosalagoas.com.br\/portal\/wp-json\/wp\/v2\/posts"}],"about":[{"href":"https:\/\/4cantosalagoas.com.br\/portal\/wp-json\/wp\/v2\/types\/post"}],"author":[{"embeddable":true,"href":"https:\/\/4cantosalagoas.com.br\/portal\/wp-json\/wp\/v2\/users\/1"}],"replies":[{"embeddable":true,"href":"https:\/\/4cantosalagoas.com.br\/portal\/wp-json\/wp\/v2\/comments?post=18224"}],"version-history":[{"count":1,"href":"https:\/\/4cantosalagoas.com.br\/portal\/wp-json\/wp\/v2\/posts\/18224\/revisions"}],"predecessor-version":[{"id":18226,"href":"https:\/\/4cantosalagoas.com.br\/portal\/wp-json\/wp\/v2\/posts\/18224\/revisions\/18226"}],"wp:featuredmedia":[{"embeddable":true,"href":"https:\/\/4cantosalagoas.com.br\/portal\/wp-json\/wp\/v2\/media\/18225"}],"wp:attachment":[{"href":"https:\/\/4cantosalagoas.com.br\/portal\/wp-json\/wp\/v2\/media?parent=18224"}],"wp:term":[{"taxonomy":"category","embeddable":true,"href":"https:\/\/4cantosalagoas.com.br\/portal\/wp-json\/wp\/v2\/categories?post=18224"},{"taxonomy":"post_tag","embeddable":true,"href":"https:\/\/4cantosalagoas.com.br\/portal\/wp-json\/wp\/v2\/tags?post=18224"}],"curies":[{"name":"wp","href":"https:\/\/api.w.org\/{rel}","templated":true}]}}