{"id":18151,"date":"2022-05-24T07:21:24","date_gmt":"2022-05-24T10:21:24","guid":{"rendered":"http:\/\/4cantosalagoas.com.br\/portal\/?p=18151"},"modified":"2022-05-24T07:21:27","modified_gmt":"2022-05-24T10:21:27","slug":"novo-trecho-da-avenida-humberto-mendes-e-interditado-para-obras-de-esgotamento-sanitario","status":"publish","type":"post","link":"https:\/\/4cantosalagoas.com.br\/portal\/novo-trecho-da-avenida-humberto-mendes-e-interditado-para-obras-de-esgotamento-sanitario\/","title":{"rendered":"Novo trecho da Avenida Humberto Mendes \u00e9 interditado para obras de esgotamento sanit\u00e1rio"},"content":{"rendered":"\n<figure class=\"wp-block-image\"><img fetchpriority=\"high\" decoding=\"async\" width=\"850\" height=\"560\" src=\"http:\/\/4cantosalagoas.com.br\/portal\/wp-content\/uploads\/2022\/05\/17.jpg\" alt=\"\" class=\"wp-image-18152\" srcset=\"https:\/\/4cantosalagoas.com.br\/portal\/wp-content\/uploads\/2022\/05\/17.jpg 850w, https:\/\/4cantosalagoas.com.br\/portal\/wp-content\/uploads\/2022\/05\/17-300x198.jpg 300w, https:\/\/4cantosalagoas.com.br\/portal\/wp-content\/uploads\/2022\/05\/17-768x506.jpg 768w\" sizes=\"(max-width: 850px) 100vw, 850px\" \/><figcaption> <br><em>Via seguir\u00e1 interditada por trinta dias. Foto: B\u00e1rbara Wanderley \/ Secom Macei\u00f3.<\/em> <\/figcaption><\/figure>\n\n\n\n<p>A partir desta segunda-feira (23), um trecho da Avenida Humberto Mendes, no bairro Po\u00e7o, que vai do Viaduto Ib Gatto Falc\u00e3o at\u00e9 a linha f\u00e9rrea, passar\u00e1 por uma interdi\u00e7\u00e3o total da via, no per\u00edodo diurno, das 7h \u00e0s 17h. A etapa da obra deve durar 30 dias. As obras ser\u00e3o para implanta\u00e7\u00e3o da rede de esgotamento sanit\u00e1rio.<\/p>\n\n\n\n<p>Ainda durante o per\u00edodo de trabalho, a regi\u00e3o contar\u00e1 com isolamento e sinaliza\u00e7\u00e3o do local, atendendo a todos os protocolos de seguran\u00e7a operacional. Fora do hor\u00e1rio da interdi\u00e7\u00e3o a circula\u00e7\u00e3o de ve\u00edculos estar\u00e1 normalizada.<\/p>\n\n\n\n<figure class=\"wp-block-image\"><a href=\"https:\/\/maceioalgovbr.dhost.cloud\/uploads\/imagens\/31-03-22-Renasce-Salgadinho-Interdicao-Av-Dep-Humberto-Mendes-UGP-Foto-Barbara-Wanderley-11.jpg\"><img decoding=\"async\" src=\"https:\/\/maceioalgovbr.dhost.cloud\/uploads\/imagens\/_300xAUTO_crop_center-center_none\/31-03-22-Renasce-Salgadinho-Interdicao-Av-Dep-Humberto-Mendes-UGP-Foto-Barbara-Wanderley-11.jpg\" alt=\"Foto: B\u00e1rbara Wanderley \/ Secom Macei\u00f3.\"\/><\/a><figcaption>Foto: B\u00e1rbara Wanderley \/ Secom Macei\u00f3.<\/figcaption><\/figure>\n\n\n\n<p><strong>Rota Alternativa<\/strong><\/p>\n\n\n\n<p>Os condutores que desejam transitar pelo local dever\u00e3o acessar a Rua Bar\u00e3o de Atalaia e, em seguida, a Rua Mizael Domingues, que fica em frente ao Instituto Federal de Alagoas.<\/p>\n\n\n\n<p>Equipes volantes da SMTT far\u00e3o rondas pela \u00e1rea para que a seguran\u00e7a vi\u00e1ria dos maceioenses que utilizam a avenida seja assegurada.<\/p>\n\n\n\n<figure class=\"wp-block-image\"><a href=\"https:\/\/maceioalgovbr.dhost.cloud\/uploads\/imagens\/31-03-22-Renasce-Salgadinho-Interdicao-Av-Dep-Humberto-Mendes-UGP-Foto-Barbara-Wanderley-5.jpg\"><img decoding=\"async\" src=\"https:\/\/maceioalgovbr.dhost.cloud\/uploads\/imagens\/_845x560_crop_center-center_none\/31-03-22-Renasce-Salgadinho-Interdicao-Av-Dep-Humberto-Mendes-UGP-Foto-Barbara-Wanderley-5.jpg\" alt=\"Foto: B\u00e1rbara Wanderley \/ Secom Macei\u00f3.\"\/><\/a><figcaption>Foto: B\u00e1rbara Wanderley \/ Secom Macei\u00f3.<\/figcaption><\/figure>\n\n\n\n<p><strong>Transporte Coletivo&nbsp;<\/strong><\/p>\n\n\n\n<p>Os itiner\u00e1rios dos \u00f4nibus que acessavam a via ser\u00e3o alterados durante a interdi\u00e7\u00e3o. As linhas 703 \u2013 Benedito Bentes \/ Ponta Verde via Gruta e a 712 \u2013 Santos Dumont \/ Ponta Verde via Farol dever\u00e3o, ap\u00f3s descer a ladeira Geraldo Melo, transitar pela Rua Pedro Paulino, Rua do Uruguai, Avenida da Paz e realizar o retorno no coreto de Jaragu\u00e1, seguindo seu itiner\u00e1rio normal pela Avenida Industrial C\u00edcero Toledo.<\/p>\n\n\n\n<p>J\u00e1 a linha 602 \u2013 Salvador Lyra \/ Iguatemi dever\u00e1 realizar o desvio pela Rua Pedro Paulino e realizar a convers\u00e3o \u00e0 esquerda na Avenida Walter Ananias, para retornar ao seu itiner\u00e1rio original. Os coletivos realizam o desvio no sentido de ida da viagem.<\/p>\n\n\n\n<p><strong>Renasce Salgadinho<\/strong><\/p>\n\n\n\n<p>O conjunto de obras segue em diversos bairros e ir\u00e1 mudar a realidade da cidade. Os investimentos s\u00e3o de R$76,4 milh\u00f5es, da Companhia Andina de Fomento (CAF), e contam com interven\u00e7\u00f5es a curto, m\u00e9dio e longo prazo.<\/p>\n\n\n\n<p>Assessoria<\/p>\n","protected":false},"excerpt":{"rendered":"<p>A partir desta segunda-feira (23), um trecho da Avenida Humberto Mendes, no bairro Po\u00e7o, que vai do<\/p>\n","protected":false},"author":1,"featured_media":18152,"comment_status":"open","ping_status":"open","sticky":false,"template":"","format":"standard","meta":{"footnotes":""},"categories":[60],"tags":[],"class_list":["post-18151","post","type-post","status-publish","format-standard","has-post-thumbnail","hentry","category-capa"],"_links":{"self":[{"href":"https:\/\/4cantosalagoas.com.br\/portal\/wp-json\/wp\/v2\/posts\/18151","targetHints":{"allow":["GET"]}}],"collection":[{"href":"https:\/\/4cantosalagoas.com.br\/portal\/wp-json\/wp\/v2\/posts"}],"about":[{"href":"https:\/\/4cantosalagoas.com.br\/portal\/wp-json\/wp\/v2\/types\/post"}],"author":[{"embeddable":true,"href":"https:\/\/4cantosalagoas.com.br\/portal\/wp-json\/wp\/v2\/users\/1"}],"replies":[{"embeddable":true,"href":"https:\/\/4cantosalagoas.com.br\/portal\/wp-json\/wp\/v2\/comments?post=18151"}],"version-history":[{"count":1,"href":"https:\/\/4cantosalagoas.com.br\/portal\/wp-json\/wp\/v2\/posts\/18151\/revisions"}],"predecessor-version":[{"id":18153,"href":"https:\/\/4cantosalagoas.com.br\/portal\/wp-json\/wp\/v2\/posts\/18151\/revisions\/18153"}],"wp:featuredmedia":[{"embeddable":true,"href":"https:\/\/4cantosalagoas.com.br\/portal\/wp-json\/wp\/v2\/media\/18152"}],"wp:attachment":[{"href":"https:\/\/4cantosalagoas.com.br\/portal\/wp-json\/wp\/v2\/media?parent=18151"}],"wp:term":[{"taxonomy":"category","embeddable":true,"href":"https:\/\/4cantosalagoas.com.br\/portal\/wp-json\/wp\/v2\/categories?post=18151"},{"taxonomy":"post_tag","embeddable":true,"href":"https:\/\/4cantosalagoas.com.br\/portal\/wp-json\/wp\/v2\/tags?post=18151"}],"curies":[{"name":"wp","href":"https:\/\/api.w.org\/{rel}","templated":true}]}}